{"id":4103,"date":"2025-05-07T09:34:31","date_gmt":"2025-05-07T09:34:31","guid":{"rendered":"https:\/\/asmaria.org\/?p=4103"},"modified":"2025-06-05T08:50:03","modified_gmt":"2025-06-05T08:50:03","slug":"os-santos-e-nos-sao-paulo-vi","status":"publish","type":"post","link":"http:\/\/asmaria.org\/pt\/os-santos-e-nos-sao-paulo-vi\/","title":{"rendered":"OS SANTOS E N\u00d3S | S\u00e3o Paulo VI"},"content":{"rendered":"<p>[et_pb_section fb_built=&#8221;1&#8243; _builder_version=&#8221;4.27.4&#8243; _module_preset=&#8221;default&#8221; custom_margin=&#8221;0px|0px|0px|0px|false|false&#8221; custom_padding=&#8221;0px|0px|0px|0px|false|false&#8221; global_colors_info=&#8221;{}&#8221;][et_pb_row _builder_version=&#8221;4.27.4&#8243; _module_preset=&#8221;default&#8221; width=&#8221;100%&#8221; max_width=&#8221;100%&#8221; custom_margin=&#8221;0px|0px|0px|0px|false|false&#8221; custom_padding=&#8221;0px|0px|0px|0px|false|false&#8221; global_colors_info=&#8221;{}&#8221;][et_pb_column type=&#8221;4_4&#8243; _builder_version=&#8221;4.27.4&#8243; _module_preset=&#8221;default&#8221; global_colors_info=&#8221;{}&#8221;][et_pb_code raw_content_tablet=&#8221;<\/p>\n<style>\n .section-background {\n  background-attachment: fixed;\n  background-position: center;\n  background-size: cover;\n  height: 50vh;\n  width: 100%;\n  color: white;\n  display: flex;\n  justify-content: left;\n  align-items: center;\n}<\/p>\n<p>  \/* Estilos espec\u00edficos para cada imagem de header *\/\n  .parallax-homem {\n    background-image: url(%22https:\/\/asmaria.org\/wp-content\/uploads\/2025\/02\/Paulo_VI_em_Fatima.jpg%22);\n    background-position-y: 10%;\n    display:flex;\n    flex-wrap:wrap;\n    justify-content: left;\n    align-items: end;\n    padding-bottom:5%;\n  }<\/p>\n<p>  p088{\n    font-family: Montserrat;\n    font-size:30px;\n  }\n   p89{\n    font-family: Montserrat;\n    font-weight:700;\n    font-size:50px;\n    line-height:1;\n  }\n  .rub{\n    padding-left:10%;\n  }<\/p>\n<\/style>\n<p><!DOCTYPE html><br \/>\n<html><br \/>\n<head><br \/>\n<meta name=%22viewport%22 content=%22width=device-width, initial-scale=1%22><\/p>\n<p>  <body><\/p>\n<section id=%22main-header%22 class=%22section-background parallax parallax-homem%22>\n<div class=%22rub%22>\n    <p088>RUBRICA<\/p088><\/br><p89>OS SANTOS E N\u00d3S<\/p89>\n  <\/div>\n<\/section>\n<div id=%22paulo%22 class=%22tabcontent%22>\n<div class=%22discla1%22>\n<div class=%22fotopessoa1%22>\n  <img class=%22fotop1%22 src=%22https:\/\/asmaria.org\/wp-content\/uploads\/2025\/04\/Filomena-Brito-novica.jpg%22><\/div>\n<div class=%22texto-pessoa%22>\n  <p201>Filomena Brito, asm<\/p201><\/br>\n<p002>Novi\u00e7a da Alian\u00e7a de Santa Maria<\/p002><\/div>\n<\/div>\n<div class=%22contenttext%22>\n  <\/br><\/br><\/p>\n<h3>PAULO VI | QUEM FOI?<\/h3>\n<p><\/br>\n  <p09>Este ano a rubrica santos e n\u00f3s \u00e9 escrita pelas novi\u00e7as da Alian\u00e7a de Santa Maria, cada uma trazer-nos-\u00e0 a vida e hist\u00f3ria do seu santo protetor deste ano. O primeiro \u00e9 Paulo VI, o santo protetor da novi\u00e7a Filomena Brito.<\/br><\/br><\/p>\n<hr>\n<p><\/br><br \/>\nQuem foi o primeiro Papa a voltar \u00e0 terra de Jesus depois de Pedro a ter deixado? Quem foi o primeiro Papa a celebrar a Eucaristia na l\u00edngua local, depois do Conc\u00edlio de Trento no s\u00e9c. XVI? Quem foi o primeiro Papa a declarar uma mulher como doutora da Igreja?<\/br><br \/>\nPaulo VI foi esse Papa. <strong>Um Papa de in\u00edcios em tempos que pareciam ser de fim<\/strong>, tanto para o mundo como para a Igreja. No pontificado de Paulo VI viviam-se tempos de divis\u00e3o e de rutura: o mundo via-se dividido em dois blocos, em plena Guerra Fria; e a Igreja, dividida entre si, via-se bloqueada, na procura de caminhos para a unidade.<\/br><br \/>\nCom o nome de <strong>Jo\u00e3o Batista Montini, a ele coube o papel de sucessor<\/strong>, tomando como heran\u00e7a o Conc\u00edlio come\u00e7ado em 1962 pelo Papa Jo\u00e3o XXIII, que morreu um ano depois. O Conc\u00edlio Vaticano II \u00e9 um marco na hist\u00f3ria da Igreja e teve como base uma reflex\u00e3o da Igreja para a sua atualiza\u00e7\u00e3o na sociedade dos dias de hoje, conservando a fidelidade a toda a hist\u00f3ria dos dias passados e, sobretudo, uma maior fidelidade a Deus. Um trabalho dif\u00edcil, de desvendar a linha t\u00e9nue onde a abertura ao mundo e a fidelidade \u00e0 tradi\u00e7\u00e3o se tocam. <strong>Mas Paulo VI tamb\u00e9m foi <i>precursor<\/i><\/strong>, assumindo uma nova maneira de ver a Igreja e de viver a f\u00e9. Uma das grandes altera\u00e7\u00f5es do Conc\u00edlio Vaticano II foi na Eucaristia, passando a ser celebrada na l\u00edngua local (em vez do latim), <strong><i>endireitando-se<\/i>, assim, os caminhos dos fi\u00e9is que, atrav\u00e9s da escuta e entendimento da Palavra, passam a poder encontrar e falar com Jesus.<\/strong><\/br><br \/>\nO nome <strong>Paulo VI<\/strong>, escolhido ap\u00f3s a nomea\u00e7\u00e3o, era j\u00e1 uma <strong>profecia que anunciava o seu impulso evangelizador de proclamar a mensagem de Cristo a todos<\/strong>, crentes e pag\u00e3os, indo por todo mundo como o ap\u00f3stolo S. Paulo. <strong>A sua primeira viagem foi \u00e0 Terra Santa<\/strong>, a terra onde tudo come\u00e7ou, a fonte que d\u00e1 sentido a tudo e <strong>onde Paulo VI quis beber a for\u00e7a para o seu pontificado<\/strong>. Como um rio que n\u00e3o pode ficar parado, visitou os cinco continentes e, nos 50 anos das apari\u00e7\u00f5es de Nossa Senhora em F\u00e1tima, foi o primeiro Papa peregrino na Cova de Iria.<\/br><br \/>\nO di\u00e1logo \u00e9 uma das heran\u00e7as mais ricas que este Santo Padre nos deixou, assim escreve ele: <strong>\u201cO clima do di\u00e1logo \u00e9 a amizade; melhor, o servi\u00e7o\u201d<\/strong>. Ele tinha um forte desejo de dialogar com as v\u00e1rias confiss\u00f5es, religi\u00f5es e com o mundo; esse foi o tema da sua primeira enc\u00edclica. Paulo VI visitou patriarcas ortodoxos, recebeu chefes de igrejas protestantes e discursou na sede da ONU; <strong>instituiu o Dia Mundial da Paz<\/strong>, fundado na esperan\u00e7a da paz entre todos os povos, <strong>e tamb\u00e9m o S\u00ednodo dos Bispos<\/strong>, para o maior envolvimento dos bispos na preocupa\u00e7\u00e3o da Igreja Universal.<\/br><br \/>\nO Papa Francisco chamou a Paulo VI \u201co Papa da modernidade\u201d, pela forma inovadora como reformou a Igreja, mas muitos outros t\u00edtulos poder\u00edamos dar a este Papa: <strong>um homem com muita coragem, um homem que vivia da for\u00e7a dos humildes, da pol\u00edtica dos simples, da confian\u00e7a dos pobres, da ora\u00e7\u00e3o dos dedicados a amar e a servir, a levar o Homem ao encontro com Deus<\/strong>. Um homem que sofreu muito pela Igreja, a quem entregou a vida, principalmente no p\u00f3s-Conc\u00edlio e pelas muitas pol\u00e9micas que se geraram em torno a si; mas tamb\u00e9m foi o Papa da verdadeira alegria, escrevendo uma exorta\u00e7\u00e3o apost\u00f3lica sobre a alegria.<\/br><br \/>\nO que a sua postura n\u00e3o revela transparece nas suas palavras: estas mostram a do\u00e7ura com que ama a Deus, a do\u00e7ura com que ama a todos, a quem fala \u201cEm nome de Deus\u201d (seu lema episcopal). Um homem feito para a amizade com todos, um homem que foi pai, um homem que foi padre e, por isso, escreve: <strong>\u201cHomens, compreendei-me; a todos vos amo na efus\u00e3o do Esp\u00edrito Santo\u2026\u201d.<\/strong><\/br><br \/>\nNo fim da \u00faltima ora\u00e7\u00e3o que escreveu, o Angelus do domingo da Transfigura\u00e7\u00e3o, a 6 de Agosto de 1978, pede \u00e0 Virgem Maria, \u201cm\u00e3e solicita e afetuosa\u201d, a prote\u00e7\u00e3o para todos. Paulo VI, que muitas p\u00e1ginas escreveu sobre Ela, proclamou-a em 1964 como <strong>\u201cM\u00e3e da Igreja\u201d, confiando toda a humanidade ao seu Cora\u00e7\u00e3o Imaculado.<\/strong><\/br><br \/>\n<strong>Se as \u00faltimas palavras escritas foram dirigidas a Santa Maria, as \u00faltimas palavras ditas por Paulo VI foram dirigidas ao Pai.<\/strong> Conta quem o acompanhou nas \u00faltimas horas que repetia as palavras do Pai Nosso: \u201cPai Nosso que estais nos c\u00e9us\u2026\u201d. Assim, vendo Cristo na sua gl\u00f3ria e na sua beleza, entregou-lhe a vida nesse domingo, dia da Transfigura\u00e7\u00e3o. Talvez, como Pedro, tenha exclamado \u201cSenhor, \u00e9 bom estarmos aqui\u201d (Mt 17, 4) e ficar aqui para sempre; entregando toda a sua vida ao Pai, que ouviu a sua prece e o fez ouvir naquele momento da Transfigura\u00e7\u00e3o, de uma forma mais plena, \u201cEste \u00e9 o meu filho muito amado\u201d (Mt 17, 5).<\/br><br \/>\nPaulo VI foi Papa, mas hoje \u00e9 santo, por isso pode ser exemplo para a nossa santifica\u00e7\u00e3o. Com ele podemos aprender o di\u00e1logo: primeiro este di\u00e1logo com Deus na escuta da Palavra, depois o di\u00e1logo com os outros e, tamb\u00e9m, o di\u00e1logo com n\u00f3s mesmos. <strong>Perceber que em n\u00f3s existe a tradi\u00e7\u00e3o e a inova\u00e7\u00e3o e que esse di\u00e1logo pode ser dif\u00edcil, mas que \u00e9 poss\u00edvel e, sobretudo, \u00e9 para uma maior fidelidade a Deus.<\/strong> Mostra-nos que na Igreja existe um espa\u00e7o onde conservadores e progressistas podem dialogar, e esse lugar \u00e9 o Cora\u00e7\u00e3o Imaculado de Maria, M\u00e3e da Igreja, M\u00e3e de todos.<\/br><br \/>\n<strong>Este homem forte ensina-nos a ter um amor corajoso \u00e0 Igreja<\/strong>, um amor que n\u00e3o baixa os bra\u00e7os, que rompe os sapatos, um amor que sofre pela Igreja e a ela se entrega totalmente. Ensina-nos um amor em sa\u00edda, com a frescura do Esp\u00edrito Santo. Ensina-nos a pedir pelo nosso Santo Padre, pelo Papa Francisco, que \u00e9 aquele que hoje entrega o seu corpo na cadeira de Pedro.<\/p09><\/br><\/br><\/p>\n<div class=%22assinatura%22>\njaneiro 2024\n<\/div>\n<p><\/br><\/br><br \/>\n<img src=%22https:\/\/asmaria.org\/wp-content\/uploads\/2025\/02\/Paulo_VI_em_Fatima.jpg%22>\n<\/div>\n<\/div>\n<\/div>\n<style>\n* {box-sizing: border-box}<\/p>\n<p>\/* Set height of body and the document to 100% *\/\nbody, html {\n  height: 100%;\n  margin: 0;\n  font-family: Arial;\n}<\/p>\n<p>\/* Style the tab content (and add height:100% for full page content) *\/\n.tabcontent {\n  color: black;\n  display: block;\n  height: 100%;\n  font-family:Montserrat;\n  font-size:18px;\n  padding:5% 0%;\n}<\/p>\n<p>    .contenttext{\n    padding:0% 20%;\n      text-align: left;\n  text-justify: inter-word;\n      font-weight:500;\n  }\n  h3{\n    font-family:Montserrat;\n    font-weight:700;\n    font-size:20px;\n  }\n  p08{\n    font-family:Montserrat;\n    font-weight:700;\n  }\n  p09{\n          line-height:1.5;font-family:Montserrat;\n    font-weight:500;\n  }\n  .assinatura{\n    text-align:right;\n  }\n  .poema{\n    text-align:center;\n  }\n  .discla1{\n    display:flex;\n    justify-content: flex-start;\n    column-gap:2%;\n    align-items: center;\n    padding:0% 10.5%;\n  }\n  .fotopessoa1{\n    padding:0;\n    width:10%;\n  }\n  .fotop1{\n    border-radius: 50%;\n    width:100%;\n  }\n  p201{\n    font-family:Montserrat;\n    font-weight:700;\n    color:black;\n    font-size:15px;\n  }\n  p002{\n    font-family:Montserrat;\n    color:black;\n    font-size:15px;\n  }<\/p>\n<\/style>\n<p><\/head><\/p>\n<p><\/body><br \/>\n<\/html><br \/>\n&#8221; raw_content_phone=&#8221;<\/p>\n<style>\n .section-background {\n  background-attachment: fixed;\n  background-position: center;\n  background-size: cover;\n  height: 50vh;\n  width: 100%;\n  color: white;\n  display: flex;\n  justify-content: left;\n  align-items: center;\n}<\/p>\n<p>  \/* Estilos espec\u00edficos para cada imagem de header *\/\n  .parallax-homem {\n    background-image: url(%22https:\/\/asmaria.org\/wp-content\/uploads\/2025\/02\/Paulo_VI_em_Fatima.jpg%22);\n    background-position-y: 10%;\n    display:flex;\n    flex-wrap:wrap;\n    justify-content: left;\n    align-items: end;\n    padding-bottom:15%;\n  }<\/p>\n<p>  p088{\n    font-family: Montserrat;\n    font-size:20px;\n  }\n   p89{\n    font-family: Montserrat;\n    font-weight:700;\n    font-size:40px;\n    line-height:1;\n  }\n  .rub{\n    padding-left:10%;\n  }<\/p>\n<\/style>\n<p><html><head><meta name=%22viewport%22 content=%22width=device-width, initial-scale=1%22><body><\/p>\n<section id=%22main-header%22 class=%22section-background parallax parallax-homem%22>\n<div class=%22rub%22>\n    <p088>RUBRICA<\/p088><\/br><p89>OS SANTOS <\/br>E N\u00d3S<\/p89>\n  <\/div>\n<\/section>\n<div id=%22paulo%22 class=%22tabcontent1%22>\n<div class=%22discla1%22>\n<div class=%22fotopessoa1%22>\n  <img class=%22fotop1%22 src=%22https:\/\/asmaria.org\/wp-content\/uploads\/2025\/04\/Filomena-Brito-novica.jpg%22><\/div>\n<div class=%22texto-pessoa%22>\n  <p201>Filomena Brito, asm<\/p201><\/br>\n<p002>Novi\u00e7a da Alian\u00e7a de Santa Maria<\/p002><\/div>\n<\/div>\n<div class=%22contenttext1%22>\n  <\/br><\/br><\/p>\n<h3>PAULO VI | QUEM FOI?<\/h3>\n<p><\/br>\n  <p09>Este ano a rubrica santos e n\u00f3s \u00e9 escrita pelas novi\u00e7as da Alian\u00e7a de Santa Maria, cada uma trazer-nos-\u00e0 a vida e hist\u00f3ria do seu santo protetor deste ano. O primeiro \u00e9 Paulo VI, o santo protetor da novi\u00e7a Filomena Brito.<\/br><\/br><\/p>\n<hr>\n<p><\/br><br \/>\nQuem foi o primeiro Papa a voltar \u00e0 terra de Jesus depois de Pedro a ter deixado? Quem foi o primeiro Papa a celebrar a Eucaristia na l\u00edngua local, depois do Conc\u00edlio de Trento no s\u00e9c. XVI? Quem foi o primeiro Papa a declarar uma mulher como doutora da Igreja?<\/br><br \/>\nPaulo VI foi esse Papa. <strong>Um Papa de in\u00edcios em tempos que pareciam ser de fim<\/strong>, tanto para o mundo como para a Igreja. No pontificado de Paulo VI viviam-se tempos de divis\u00e3o e de rutura: o mundo via-se dividido em dois blocos, em plena Guerra Fria; e a Igreja, dividida entre si, via-se bloqueada, na procura de caminhos para a unidade.<\/br><br \/>\nCom o nome de <strong>Jo\u00e3o Batista Montini, a ele coube o papel de sucessor<\/strong>, tomando como heran\u00e7a o Conc\u00edlio come\u00e7ado em 1962 pelo Papa Jo\u00e3o XXIII, que morreu um ano depois. O Conc\u00edlio Vaticano II \u00e9 um marco na hist\u00f3ria da Igreja e teve como base uma reflex\u00e3o da Igreja para a sua atualiza\u00e7\u00e3o na sociedade dos dias de hoje, conservando a fidelidade a toda a hist\u00f3ria dos dias passados e, sobretudo, uma maior fidelidade a Deus. Um trabalho dif\u00edcil, de desvendar a linha t\u00e9nue onde a abertura ao mundo e a fidelidade \u00e0 tradi\u00e7\u00e3o se tocam. <strong>Mas Paulo VI tamb\u00e9m foi <i>precursor<\/i><\/strong>, assumindo uma nova maneira de ver a Igreja e de viver a f\u00e9. Uma das grandes altera\u00e7\u00f5es do Conc\u00edlio Vaticano II foi na Eucaristia, passando a ser celebrada na l\u00edngua local (em vez do latim), <strong><i>endireitando-se<\/i>, assim, os caminhos dos fi\u00e9is que, atrav\u00e9s da escuta e entendimento da Palavra, passam a poder encontrar e falar com Jesus.<\/strong><\/br><br \/>\nO nome <strong>Paulo VI<\/strong>, escolhido ap\u00f3s a nomea\u00e7\u00e3o, era j\u00e1 uma <strong>profecia que anunciava o seu impulso evangelizador de proclamar a mensagem de Cristo a todos<\/strong>, crentes e pag\u00e3os, indo por todo mundo como o ap\u00f3stolo S. Paulo. <strong>A sua primeira viagem foi \u00e0 Terra Santa<\/strong>, a terra onde tudo come\u00e7ou, a fonte que d\u00e1 sentido a tudo e <strong>onde Paulo VI quis beber a for\u00e7a para o seu pontificado<\/strong>. Como um rio que n\u00e3o pode ficar parado, visitou os cinco continentes e, nos 50 anos das apari\u00e7\u00f5es de Nossa Senhora em F\u00e1tima, foi o primeiro Papa peregrino na Cova de Iria.<\/br><br \/>\nO di\u00e1logo \u00e9 uma das heran\u00e7as mais ricas que este Santo Padre nos deixou, assim escreve ele: <strong>\u201cO clima do di\u00e1logo \u00e9 a amizade; melhor, o servi\u00e7o\u201d<\/strong>. Ele tinha um forte desejo de dialogar com as v\u00e1rias confiss\u00f5es, religi\u00f5es e com o mundo; esse foi o tema da sua primeira enc\u00edclica. Paulo VI visitou patriarcas ortodoxos, recebeu chefes de igrejas protestantes e discursou na sede da ONU; <strong>instituiu o Dia Mundial da Paz<\/strong>, fundado na esperan\u00e7a da paz entre todos os povos, <strong>e tamb\u00e9m o S\u00ednodo dos Bispos<\/strong>, para o maior envolvimento dos bispos na preocupa\u00e7\u00e3o da Igreja Universal.<\/br><br \/>\nO Papa Francisco chamou a Paulo VI \u201co Papa da modernidade\u201d, pela forma inovadora como reformou a Igreja, mas muitos outros t\u00edtulos poder\u00edamos dar a este Papa: <strong>um homem com muita coragem, um homem que vivia da for\u00e7a dos humildes, da pol\u00edtica dos simples, da confian\u00e7a dos pobres, da ora\u00e7\u00e3o dos dedicados a amar e a servir, a levar o Homem ao encontro com Deus<\/strong>. Um homem que sofreu muito pela Igreja, a quem entregou a vida, principalmente no p\u00f3s-Conc\u00edlio e pelas muitas pol\u00e9micas que se geraram em torno a si; mas tamb\u00e9m foi o Papa da verdadeira alegria, escrevendo uma exorta\u00e7\u00e3o apost\u00f3lica sobre a alegria.<\/br><br \/>\nO que a sua postura n\u00e3o revela transparece nas suas palavras: estas mostram a do\u00e7ura com que ama a Deus, a do\u00e7ura com que ama a todos, a quem fala \u201cEm nome de Deus\u201d (seu lema episcopal). Um homem feito para a amizade com todos, um homem que foi pai, um homem que foi padre e, por isso, escreve: <strong>\u201cHomens, compreendei-me; a todos vos amo na efus\u00e3o do Esp\u00edrito Santo\u2026\u201d.<\/strong><\/br><br \/>\nNo fim da \u00faltima ora\u00e7\u00e3o que escreveu, o Angelus do domingo da Transfigura\u00e7\u00e3o, a 6 de Agosto de 1978, pede \u00e0 Virgem Maria, \u201cm\u00e3e solicita e afetuosa\u201d, a prote\u00e7\u00e3o para todos. Paulo VI, que muitas p\u00e1ginas escreveu sobre Ela, proclamou-a em 1964 como <strong>\u201cM\u00e3e da Igreja\u201d, confiando toda a humanidade ao seu Cora\u00e7\u00e3o Imaculado.<\/strong><\/br><br \/>\n<strong>Se as \u00faltimas palavras escritas foram dirigidas a Santa Maria, as \u00faltimas palavras ditas por Paulo VI foram dirigidas ao Pai.<\/strong> Conta quem o acompanhou nas \u00faltimas horas que repetia as palavras do Pai Nosso: \u201cPai Nosso que estais nos c\u00e9us\u2026\u201d. Assim, vendo Cristo na sua gl\u00f3ria e na sua beleza, entregou-lhe a vida nesse domingo, dia da Transfigura\u00e7\u00e3o. Talvez, como Pedro, tenha exclamado \u201cSenhor, \u00e9 bom estarmos aqui\u201d (Mt 17, 4) e ficar aqui para sempre; entregando toda a sua vida ao Pai, que ouviu a sua prece e o fez ouvir naquele momento da Transfigura\u00e7\u00e3o, de uma forma mais plena, \u201cEste \u00e9 o meu filho muito amado\u201d (Mt 17, 5).<\/br><br \/>\nPaulo VI foi Papa, mas hoje \u00e9 santo, por isso pode ser exemplo para a nossa santifica\u00e7\u00e3o. Com ele podemos aprender o di\u00e1logo: primeiro este di\u00e1logo com Deus na escuta da Palavra, depois o di\u00e1logo com os outros e, tamb\u00e9m, o di\u00e1logo com n\u00f3s mesmos. <strong>Perceber que em n\u00f3s existe a tradi\u00e7\u00e3o e a inova\u00e7\u00e3o e que esse di\u00e1logo pode ser dif\u00edcil, mas que \u00e9 poss\u00edvel e, sobretudo, \u00e9 para uma maior fidelidade a Deus.<\/strong> Mostra-nos que na Igreja existe um espa\u00e7o onde conservadores e progressistas podem dialogar, e esse lugar \u00e9 o Cora\u00e7\u00e3o Imaculado de Maria, M\u00e3e da Igreja, M\u00e3e de todos.<\/br><br \/>\n<strong>Este homem forte ensina-nos a ter um amor corajoso \u00e0 Igreja<\/strong>, um amor que n\u00e3o baixa os bra\u00e7os, que rompe os sapatos, um amor que sofre pela Igreja e a ela se entrega totalmente. Ensina-nos um amor em sa\u00edda, com a frescura do Esp\u00edrito Santo. Ensina-nos a pedir pelo nosso Santo Padre, pelo Papa Francisco, que \u00e9 aquele que hoje entrega o seu corpo na cadeira de Pedro.<\/p09><\/br><\/br><\/p>\n<div class=%22assinatura%22>\njaneiro 2024\n<\/div>\n<p><\/br><\/br><br \/>\n<img src=%22https:\/\/asmaria.org\/wp-content\/uploads\/2025\/02\/Paulo_VI_em_Fatima.jpg%22>\n<\/div>\n<\/div>\n<\/div>\n<style>\n* {box-sizing: border-box}<\/p>\n<p>\/* Set height of body and the document to 100% *\/\nbody, html {\n  height: 100%;\n  margin: 0;\n  font-family: Arial;\n}<\/p>\n<p>\/* Style the tab content (and add height:100% for full page content) *\/\n.tabcontent1 {\n  color: black;\n  display: block;\n  height: 100%;\n  font-family:Montserrat;\n  font-size:15px;\n  padding:5% 0%;\n}<\/p>\n<p>    .contenttext1{\n    padding:0% 5%;\n      text-align: left;\n  text-justify: inter-word;\n      font-weight:500;\n  }\n  h3{\n    font-family:Montserrat;\n    font-weight:700;\n    font-size:20px;\n  }\n  p08{\n    font-family:Montserrat;\n    font-weight:700;\n  }\n  p09{\n          line-height:1.5;font-family:Montserrat;\n    font-weight:500;\n  }\n  .assinatura{\n    text-align:right;\n    margin-top:5%;\n  }\n  .poema{\n    text-align:center;\n  }\n  .discla1{\n    display:flex;\n    justify-content: flex-start;\n    column-gap:2%;\n    align-items: top;\n    padding:0% 5%;\n  }\n  .fotopessoa1{\n    padding:0;\n    width:25%;\n  }\n  .fotop1{\n    border-radius: 50%;\n    width:100%;\n  }\n  p201{\n    font-family:Montserrat;\n    font-weight:700;\n    color:black;\n    font-size:15px;\n  }\n  p002{\n    font-family:Montserrat;\n    color:black;\n    font-size:15px;\n  }<\/p>\n<\/style>\n<p><\/head><\/p>\n<p><\/body><br \/>\n<\/html><br \/>\n&#8221; raw_content_last_edited=&#8221;on|phone&#8221; _builder_version=&#8221;4.27.4&#8243; _module_preset=&#8221;default&#8221; global_colors_info=&#8221;{}&#8221;]<\/p>\n<style><!-- [et_pb_line_break_holder] --> .section-background {<!-- [et_pb_line_break_holder] -->  background-attachment: fixed;<!-- [et_pb_line_break_holder] -->  background-position: center;<!-- [et_pb_line_break_holder] -->  background-size: cover;<!-- [et_pb_line_break_holder] -->  height: 50vh;<!-- [et_pb_line_break_holder] -->  width: 100%;<!-- [et_pb_line_break_holder] -->  color: white;<!-- [et_pb_line_break_holder] -->  display: flex;<!-- [et_pb_line_break_holder] -->  justify-content: left;<!-- [et_pb_line_break_holder] -->  align-items: center;<!-- [et_pb_line_break_holder] -->}<!-- [et_pb_line_break_holder] -->  <!-- [et_pb_line_break_holder] -->  <!-- [et_pb_line_break_holder] -->  \/* Estilos espec\u00edficos para cada imagem de header *\/<!-- [et_pb_line_break_holder] -->  .parallax-homem {<!-- [et_pb_line_break_holder] -->    background-image: url(\"https:\/\/asmaria.org\/wp-content\/uploads\/2025\/02\/Paulo_VI_em_Fatima.jpg\");<!-- [et_pb_line_break_holder] -->    background-position-y: 10%;<!-- [et_pb_line_break_holder] -->    display:flex;<!-- [et_pb_line_break_holder] -->    flex-wrap:wrap;<!-- [et_pb_line_break_holder] -->    justify-content: left;<!-- [et_pb_line_break_holder] -->    align-items: end;<!-- [et_pb_line_break_holder] -->    padding-bottom:5%;<!-- [et_pb_line_break_holder] -->  }<!-- [et_pb_line_break_holder] --><!-- [et_pb_line_break_holder] --><!-- [et_pb_line_break_holder] -->  <!-- [et_pb_line_break_holder] -->  p088{<!-- [et_pb_line_break_holder] -->    font-family: Montserrat;<!-- [et_pb_line_break_holder] -->    font-size:30px;<!-- [et_pb_line_break_holder] -->  }<!-- [et_pb_line_break_holder] -->   p89{<!-- [et_pb_line_break_holder] -->    font-family: Montserrat;<!-- [et_pb_line_break_holder] -->    font-weight:700;<!-- [et_pb_line_break_holder] -->    font-size:50px;<!-- [et_pb_line_break_holder] -->    line-height:1;<!-- [et_pb_line_break_holder] -->  }<!-- [et_pb_line_break_holder] -->  .rub{<!-- [et_pb_line_break_holder] -->    padding-left:10%;<!-- [et_pb_line_break_holder] -->  }<!-- [et_pb_line_break_holder] --><\/style>\n<p><!-- [et_pb_line_break_holder] --><!-- [et_pb_line_break_holder] --><!DOCTYPE html><!-- [et_pb_line_break_holder] --><html><!-- [et_pb_line_break_holder] --><head><!-- [et_pb_line_break_holder] --><meta name=\"viewport\" content=\"width=device-width, initial-scale=1\"><!-- [et_pb_line_break_holder] -->  <!-- [et_pb_line_break_holder] -->  <body><!-- [et_pb_line_break_holder] --><!-- [et_pb_line_break_holder] -->    <\/p>\n<section id=\"main-header\" class=\"section-background parallax parallax-homem\"><!-- [et_pb_line_break_holder] -->  <\/p>\n<div class=\"rub\"><!-- [et_pb_line_break_holder] -->    <p088>RUBRICA<\/p088><\/br><p89>OS SANTOS E N\u00d3S<\/p89><!-- [et_pb_line_break_holder] -->  <\/div>\n<p><!-- [et_pb_line_break_holder] --><\/section>\n<p><!-- [et_pb_line_break_holder] -->    <!-- [et_pb_line_break_holder] --><!-- [et_pb_line_break_holder] --><\/p>\n<div id=\"paulo\" class=\"tabcontent\"><!-- [et_pb_line_break_holder] -->  <\/p>\n<div class=\"discla\"><!-- [et_pb_line_break_holder] -->  <\/p>\n<div class=\"fotopessoa\"><!-- [et_pb_line_break_holder] -->  <img decoding=\"async\" class=\"fotop\" src=\"https:\/\/asmaria.org\/wp-content\/uploads\/2025\/04\/Filomena-Brito-novica.jpg\"><\/div>\n<p><!-- [et_pb_line_break_holder] -->  <\/p>\n<div class=\"texto-pessoa\"><!-- [et_pb_line_break_holder] -->  <p201>Filomena Brito, asm<\/p201><\/br><!-- [et_pb_line_break_holder] --><p002>Novi\u00e7a da Alian\u00e7a de Santa Maria<\/p002><\/div>\n<p><!-- [et_pb_line_break_holder] --><\/div>\n<p><!-- [et_pb_line_break_holder] --><\/p>\n<div class=\"contenttext\"><!-- [et_pb_line_break_holder] -->  <\/br><\/br><!-- [et_pb_line_break_holder] -->  <\/p>\n<h3>PAULO VI | QUEM FOI?<\/h3>\n<p><\/br><!-- [et_pb_line_break_holder] -->  <p09>Este ano a rubrica santos e n\u00f3s \u00e9 escrita pelas novi\u00e7as da Alian\u00e7a de Santa Maria, cada uma trazer-nos-\u00e0 a vida e hist\u00f3ria do seu santo protetor deste ano. O primeiro \u00e9 Paulo VI, o santo protetor da novi\u00e7a Filomena Brito.<!-- [et_pb_line_break_holder] --><\/br><\/br><!-- [et_pb_line_break_holder] --><\/p>\n<hr>\n<p><!-- [et_pb_line_break_holder] --><\/br><\/br><!-- [et_pb_line_break_holder] -->Quem foi o primeiro Papa a voltar \u00e0 terra de Jesus depois de Pedro a ter deixado? Quem foi o primeiro Papa a celebrar a Eucaristia na l\u00edngua local, depois do Conc\u00edlio de Trento no s\u00e9c. XVI? Quem foi o primeiro Papa a declarar uma mulher como doutora da Igreja?<!-- [et_pb_line_break_holder] --><\/br><\/br><!-- [et_pb_line_break_holder] -->Paulo VI foi esse Papa. <strong>Um Papa de in\u00edcios em tempos que pareciam ser de fim<\/strong>, tanto para o mundo como para a Igreja. No pontificado de Paulo VI viviam-se tempos de divis\u00e3o e de rutura: o mundo via-se dividido em dois blocos, em plena Guerra Fria; e a Igreja, dividida entre si, via-se bloqueada, na procura de caminhos para a unidade.<!-- [et_pb_line_break_holder] --><\/br><\/br><!-- [et_pb_line_break_holder] -->Com o nome de <strong>Jo\u00e3o Batista Montini, a ele coube o papel de sucessor<\/strong>, tomando como heran\u00e7a o Conc\u00edlio come\u00e7ado em 1962 pelo Papa Jo\u00e3o XXIII, que morreu um ano depois. O Conc\u00edlio Vaticano II \u00e9 um marco na hist\u00f3ria da Igreja e teve como base uma reflex\u00e3o da Igreja para a sua atualiza\u00e7\u00e3o na sociedade dos dias de hoje, conservando a fidelidade a toda a hist\u00f3ria dos dias passados e, sobretudo, uma maior fidelidade a Deus. Um trabalho dif\u00edcil, de desvendar a linha t\u00e9nue onde a abertura ao mundo e a fidelidade \u00e0 tradi\u00e7\u00e3o se tocam. <strong>Mas Paulo VI tamb\u00e9m foi <i>precursor<\/i><\/strong>, assumindo uma nova maneira de ver a Igreja e de viver a f\u00e9. Uma das grandes altera\u00e7\u00f5es do Conc\u00edlio Vaticano II foi na Eucaristia, passando a ser celebrada na l\u00edngua local (em vez do latim), <strong><i>endireitando-se<\/i>, assim, os caminhos dos fi\u00e9is que, atrav\u00e9s da escuta e entendimento da Palavra, passam a poder encontrar e falar com Jesus.<\/strong><!-- [et_pb_line_break_holder] --><\/br><\/br><!-- [et_pb_line_break_holder] -->O nome <strong>Paulo VI<\/strong>, escolhido ap\u00f3s a nomea\u00e7\u00e3o, era j\u00e1 uma <strong>profecia que anunciava o seu impulso evangelizador de proclamar a mensagem de Cristo a todos<\/strong>, crentes e pag\u00e3os, indo por todo mundo como o ap\u00f3stolo S. Paulo. <strong>A sua primeira viagem foi \u00e0 Terra Santa<\/strong>, a terra onde tudo come\u00e7ou, a fonte que d\u00e1 sentido a tudo e <strong>onde Paulo VI quis beber a for\u00e7a para o seu pontificado<\/strong>. Como um rio que n\u00e3o pode ficar parado, visitou os cinco continentes e, nos 50 anos das apari\u00e7\u00f5es de Nossa Senhora em F\u00e1tima, foi o primeiro Papa peregrino na Cova de Iria.<!-- [et_pb_line_break_holder] --><\/br><\/br><!-- [et_pb_line_break_holder] -->O di\u00e1logo \u00e9 uma das heran\u00e7as mais ricas que este Santo Padre nos deixou, assim escreve ele: <strong>\u201cO clima do di\u00e1logo \u00e9 a amizade; melhor, o servi\u00e7o\u201d<\/strong>. Ele tinha um forte desejo de dialogar com as v\u00e1rias confiss\u00f5es, religi\u00f5es e com o mundo; esse foi o tema da sua primeira enc\u00edclica. Paulo VI visitou patriarcas ortodoxos, recebeu chefes de igrejas protestantes e discursou na sede da ONU; <strong>instituiu o Dia Mundial da Paz<\/strong>, fundado na esperan\u00e7a da paz entre todos os povos, <strong>e tamb\u00e9m o S\u00ednodo dos Bispos<\/strong>, para o maior envolvimento dos bispos na preocupa\u00e7\u00e3o da Igreja Universal.<!-- [et_pb_line_break_holder] --><\/br><\/br><!-- [et_pb_line_break_holder] -->O Papa Francisco chamou a Paulo VI \u201co Papa da modernidade\u201d, pela forma inovadora como reformou a Igreja, mas muitos outros t\u00edtulos poder\u00edamos dar a este Papa: <strong>um homem com muita coragem, um homem que vivia da for\u00e7a dos humildes, da pol\u00edtica dos simples, da confian\u00e7a dos pobres, da ora\u00e7\u00e3o dos dedicados a amar e a servir, a levar o Homem ao encontro com Deus<\/strong>. Um homem que sofreu muito pela Igreja, a quem entregou a vida, principalmente no p\u00f3s-Conc\u00edlio e pelas muitas pol\u00e9micas que se geraram em torno a si; mas tamb\u00e9m foi o Papa da verdadeira alegria, escrevendo uma exorta\u00e7\u00e3o apost\u00f3lica sobre a alegria.<!-- [et_pb_line_break_holder] --><\/br><\/br><!-- [et_pb_line_break_holder] -->O que a sua postura n\u00e3o revela transparece nas suas palavras: estas mostram a do\u00e7ura com que ama a Deus, a do\u00e7ura com que ama a todos, a quem fala \u201cEm nome de Deus\u201d (seu lema episcopal). Um homem feito para a amizade com todos, um homem que foi pai, um homem que foi padre e, por isso, escreve: <strong>\u201cHomens, compreendei-me; a todos vos amo na efus\u00e3o do Esp\u00edrito Santo\u2026\u201d.<\/strong><!-- [et_pb_line_break_holder] --><\/br><\/br><!-- [et_pb_line_break_holder] -->No fim da \u00faltima ora\u00e7\u00e3o que escreveu, o Angelus do domingo da Transfigura\u00e7\u00e3o, a 6 de Agosto de 1978, pede \u00e0 Virgem Maria, \u201cm\u00e3e solicita e afetuosa\u201d, a prote\u00e7\u00e3o para todos. Paulo VI, que muitas p\u00e1ginas escreveu sobre Ela, proclamou-a em 1964 como <strong>\u201cM\u00e3e da Igreja\u201d, confiando toda a humanidade ao seu Cora\u00e7\u00e3o Imaculado.<\/strong><!-- [et_pb_line_break_holder] --><\/br><\/br><!-- [et_pb_line_break_holder] --><strong>Se as \u00faltimas palavras escritas foram dirigidas a Santa Maria, as \u00faltimas palavras ditas por Paulo VI foram dirigidas ao Pai.<\/strong> Conta quem o acompanhou nas \u00faltimas horas que repetia as palavras do Pai Nosso: \u201cPai Nosso que estais nos c\u00e9us\u2026\u201d. Assim, vendo Cristo na sua gl\u00f3ria e na sua beleza, entregou-lhe a vida nesse domingo, dia da Transfigura\u00e7\u00e3o. Talvez, como Pedro, tenha exclamado \u201cSenhor, \u00e9 bom estarmos aqui\u201d (Mt 17, 4) e ficar aqui para sempre; entregando toda a sua vida ao Pai, que ouviu a sua prece e o fez ouvir naquele momento da Transfigura\u00e7\u00e3o, de uma forma mais plena, \u201cEste \u00e9 o meu filho muito amado\u201d (Mt 17, 5).<!-- [et_pb_line_break_holder] --><\/br><\/br><!-- [et_pb_line_break_holder] -->Paulo VI foi Papa, mas hoje \u00e9 santo, por isso pode ser exemplo para a nossa santifica\u00e7\u00e3o. Com ele podemos aprender o di\u00e1logo: primeiro este di\u00e1logo com Deus na escuta da Palavra, depois o di\u00e1logo com os outros e, tamb\u00e9m, o di\u00e1logo com n\u00f3s mesmos. <strong>Perceber que em n\u00f3s existe a tradi\u00e7\u00e3o e a inova\u00e7\u00e3o e que esse di\u00e1logo pode ser dif\u00edcil, mas que \u00e9 poss\u00edvel e, sobretudo, \u00e9 para uma maior fidelidade a Deus.<\/strong> Mostra-nos que na Igreja existe um espa\u00e7o onde conservadores e progressistas podem dialogar, e esse lugar \u00e9 o Cora\u00e7\u00e3o Imaculado de Maria, M\u00e3e da Igreja, M\u00e3e de todos.<!-- [et_pb_line_break_holder] --><\/br><\/br><!-- [et_pb_line_break_holder] --><strong>Este homem forte ensina-nos a ter um amor corajoso \u00e0 Igreja<\/strong>, um amor que n\u00e3o baixa os bra\u00e7os, que rompe os sapatos, um amor que sofre pela Igreja e a ela se entrega totalmente. Ensina-nos um amor em sa\u00edda, com a frescura do Esp\u00edrito Santo. Ensina-nos a pedir pelo nosso Santo Padre, pelo Papa Francisco, que \u00e9 aquele que hoje entrega o seu corpo na cadeira de Pedro.<\/p09><\/br><\/br><!-- [et_pb_line_break_holder] --><\/p>\n<div class=\"assinatura\"><!-- [et_pb_line_break_holder] -->janeiro 2024<!-- [et_pb_line_break_holder] --><\/div>\n<p><!-- [et_pb_line_break_holder] --><\/br><\/br><!-- [et_pb_line_break_holder] --><img decoding=\"async\" src=\"https:\/\/asmaria.org\/wp-content\/uploads\/2025\/02\/Paulo_VI_em_Fatima.jpg\"><!-- [et_pb_line_break_holder] --><\/div>\n<p><!-- [et_pb_line_break_holder] --><\/div>\n<p><!-- [et_pb_line_break_holder] --><\/div>\n<p><!-- [et_pb_line_break_holder] --><!-- [et_pb_line_break_holder] --><!-- [et_pb_line_break_holder] --><!-- [et_pb_line_break_holder] -->    <!-- [et_pb_line_break_holder] --><!-- [et_pb_line_break_holder] -->    <!-- [et_pb_line_break_holder] --><\/p>\n<style><!-- [et_pb_line_break_holder] -->* {box-sizing: border-box}<!-- [et_pb_line_break_holder] --><!-- [et_pb_line_break_holder] -->\/* Set height of body and the document to 100% *\/<!-- [et_pb_line_break_holder] -->body, html {<!-- [et_pb_line_break_holder] -->  height: 100%;<!-- [et_pb_line_break_holder] -->  margin: 0;<!-- [et_pb_line_break_holder] -->  font-family: Arial;<!-- [et_pb_line_break_holder] -->}<!-- [et_pb_line_break_holder] --><!-- [et_pb_line_break_holder] --><!-- [et_pb_line_break_holder] -->\/* Style the tab content (and add height:100% for full page content) *\/<!-- [et_pb_line_break_holder] -->.tabcontent {<!-- [et_pb_line_break_holder] -->  color: black;<!-- [et_pb_line_break_holder] -->  display: block;<!-- [et_pb_line_break_holder] -->  height: 100%;<!-- [et_pb_line_break_holder] -->  font-family:Montserrat;<!-- [et_pb_line_break_holder] -->  font-size:18px;<!-- [et_pb_line_break_holder] -->  padding:5% 0%;<!-- [et_pb_line_break_holder] -->}<!-- [et_pb_line_break_holder] --><!-- [et_pb_line_break_holder] -->    .contenttext{<!-- [et_pb_line_break_holder] -->    padding:0% 20%;<!-- [et_pb_line_break_holder] -->      text-align: left;<!-- [et_pb_line_break_holder] -->  text-justify: inter-word;<!-- [et_pb_line_break_holder] -->      font-weight:500;<!-- [et_pb_line_break_holder] -->  }<!-- [et_pb_line_break_holder] -->  h3{<!-- [et_pb_line_break_holder] -->    font-family:Montserrat;<!-- [et_pb_line_break_holder] -->    font-weight:700;<!-- [et_pb_line_break_holder] -->    font-size:20px;<!-- [et_pb_line_break_holder] -->  }<!-- [et_pb_line_break_holder] -->  p08{<!-- [et_pb_line_break_holder] -->    font-family:Montserrat;<!-- [et_pb_line_break_holder] -->    font-weight:700;<!-- [et_pb_line_break_holder] -->  }<!-- [et_pb_line_break_holder] -->  p09{<!-- [et_pb_line_break_holder] -->          line-height:1.5;font-family:Montserrat;<!-- [et_pb_line_break_holder] -->    font-weight:500;<!-- [et_pb_line_break_holder] -->  }<!-- [et_pb_line_break_holder] -->  .assinatura{<!-- [et_pb_line_break_holder] -->    text-align:right;<!-- [et_pb_line_break_holder] -->  }<!-- [et_pb_line_break_holder] -->  .poema{<!-- [et_pb_line_break_holder] -->    text-align:center;<!-- [et_pb_line_break_holder] -->  }<!-- [et_pb_line_break_holder] -->  .discla{<!-- [et_pb_line_break_holder] -->    display:flex;<!-- [et_pb_line_break_holder] -->    justify-content: flex-start;<!-- [et_pb_line_break_holder] -->    column-gap:2%;<!-- [et_pb_line_break_holder] -->    align-items: center;<!-- [et_pb_line_break_holder] -->    padding:0% 10.5%;<!-- [et_pb_line_break_holder] -->  }<!-- [et_pb_line_break_holder] -->  .fotopessoa{<!-- [et_pb_line_break_holder] -->    padding:0;<!-- [et_pb_line_break_holder] -->    width:10%;<!-- [et_pb_line_break_holder] -->  }<!-- [et_pb_line_break_holder] -->  .fotop{<!-- [et_pb_line_break_holder] -->    border-radius: 50%;<!-- [et_pb_line_break_holder] -->    width:100%;<!-- [et_pb_line_break_holder] -->  }<!-- [et_pb_line_break_holder] -->  p201{<!-- [et_pb_line_break_holder] -->    font-family:Montserrat;<!-- [et_pb_line_break_holder] -->    font-weight:700;<!-- [et_pb_line_break_holder] -->    color:black;<!-- [et_pb_line_break_holder] -->    font-size:15px;<!-- [et_pb_line_break_holder] -->  }<!-- [et_pb_line_break_holder] -->  p002{<!-- [et_pb_line_break_holder] -->    font-family:Montserrat;<!-- [et_pb_line_break_holder] -->    color:black;<!-- [et_pb_line_break_holder] -->    font-size:15px;<!-- [et_pb_line_break_holder] -->  }<!-- [et_pb_line_break_holder] --><!-- [et_pb_line_break_holder] --><\/style>\n<p><!-- [et_pb_line_break_holder] --><\/head><!-- [et_pb_line_break_holder] --><!-- [et_pb_line_break_holder] --><!-- [et_pb_line_break_holder] --><!-- [et_pb_line_break_holder] -->   <!-- [et_pb_line_break_holder] --><\/body><!-- [et_pb_line_break_holder] --><\/html> <!-- [et_pb_line_break_holder] -->[\/et_pb_code][\/et_pb_column][\/et_pb_row][\/et_pb_section][et_pb_section fb_built=&#8221;1&#8243; _builder_version=&#8221;4.27.2&#8243; _module_preset=&#8221;default&#8221; transform_translate_linked=&#8221;off&#8221; custom_margin=&#8221;0px|0px|0px|0px|false|false&#8221; custom_padding=&#8221;0px|0px|0px|0px|false|false&#8221; locked=&#8221;off&#8221; global_colors_info=&#8221;{}&#8221;][et_pb_row _builder_version=&#8221;4.27.2&#8243; _module_preset=&#8221;default&#8221; width=&#8221;90%&#8221; max_width=&#8221;90%&#8221; module_alignment=&#8221;center&#8221; custom_margin=&#8221;5%|0px|5%|0px|false|false&#8221; custom_padding=&#8221;0px|0px|0px|0px|false|false&#8221; global_colors_info=&#8221;{}&#8221;][et_pb_column type=&#8221;4_4&#8243; _builder_version=&#8221;4.27.2&#8243; _module_preset=&#8221;default&#8221; global_colors_info=&#8221;{}&#8221;][et_pb_blog fullwidth=&#8221;off&#8221; posts_number=&#8221;3&#8243; include_categories=&#8221;11&#8243; show_author=&#8221;off&#8221; show_date=&#8221;off&#8221; show_categories=&#8221;off&#8221; show_excerpt=&#8221;off&#8221; show_pagination=&#8221;off&#8221; use_overlay=&#8221;on&#8221; overlay_icon_color=&#8221;#ad945d&#8221; hover_overlay_color=&#8221;rgba(72,81,97,0.5)&#8221; hover_icon=&#8221;&#xf518;||fa||900&#8243; masonry_tile_background_color=&#8221;#FFFFFF&#8221; _builder_version=&#8221;4.27.4&#8243; _module_preset=&#8221;default&#8221; header_font=&#8221;Montserrat||||||||&#8221; header_text_color=&#8221;#ad945d&#8221; body_font=&#8221;Montserrat||||||||&#8221; body_text_color=&#8221;#000000&#8243; read_more_text_color=&#8221;#000000&#8243; pagination_font=&#8221;Montserrat||||||||&#8221; pagination_text_color=&#8221;#000000&#8243; background_color=&#8221;#FFFFFF&#8221; transform_translate_linked=&#8221;off&#8221; border_width_all=&#8221;0px&#8221; box_shadow_style=&#8221;preset1&#8243; box_shadow_color=&#8221;rgba(0,0,0,0.06)&#8221; global_colors_info=&#8221;{}&#8221; transform_styles__hover_enabled=&#8221;off|desktop&#8221; transform_scale__hover_enabled=&#8221;off|desktop&#8221; transform_translate__hover_enabled=&#8221;off|desktop&#8221; transform_rotate__hover_enabled=&#8221;off|desktop&#8221; transform_skew__hover_enabled=&#8221;off|desktop&#8221; transform_origin__hover_enabled=&#8221;off|desktop&#8221; transform_translate__hover=&#8221;0px|-25px&#8221;][\/et_pb_blog][\/et_pb_column][\/et_pb_row][\/et_pb_section]<\/p>\n","protected":false},"excerpt":{"rendered":"","protected":false},"author":1,"featured_media":2169,"comment_status":"closed","ping_status":"closed","sticky":false,"template":"elementor_header_footer","format":"standard","meta":{"_et_pb_use_builder":"on","_et_pb_old_content":"","_et_gb_content_width":"2880","inline_featured_image":false,"footnotes":""},"categories":[11],"tags":[36],"class_list":["post-4103","post","type-post","status-publish","format-standard","has-post-thumbnail","hentry","category-rubrica","tag-os-santos-e-nos"],"_links":{"self":[{"href":"http:\/\/asmaria.org\/pt\/wp-json\/wp\/v2\/posts\/4103","targetHints":{"allow":["GET"]}}],"collection":[{"href":"http:\/\/asmaria.org\/pt\/wp-json\/wp\/v2\/posts"}],"about":[{"href":"http:\/\/asmaria.org\/pt\/wp-json\/wp\/v2\/types\/post"}],"author":[{"embeddable":true,"href":"http:\/\/asmaria.org\/pt\/wp-json\/wp\/v2\/users\/1"}],"replies":[{"embeddable":true,"href":"http:\/\/asmaria.org\/pt\/wp-json\/wp\/v2\/comments?post=4103"}],"version-history":[{"count":12,"href":"http:\/\/asmaria.org\/pt\/wp-json\/wp\/v2\/posts\/4103\/revisions"}],"predecessor-version":[{"id":4806,"href":"http:\/\/asmaria.org\/pt\/wp-json\/wp\/v2\/posts\/4103\/revisions\/4806"}],"wp:featuredmedia":[{"embeddable":true,"href":"http:\/\/asmaria.org\/pt\/wp-json\/wp\/v2\/media\/2169"}],"wp:attachment":[{"href":"http:\/\/asmaria.org\/pt\/wp-json\/wp\/v2\/media?parent=4103"}],"wp:term":[{"taxonomy":"category","embeddable":true,"href":"http:\/\/asmaria.org\/pt\/wp-json\/wp\/v2\/categories?post=4103"},{"taxonomy":"post_tag","embeddable":true,"href":"http:\/\/asmaria.org\/pt\/wp-json\/wp\/v2\/tags?post=4103"}],"curies":[{"name":"wp","href":"https:\/\/api.w.org\/{rel}","templated":true}]}}