{"id":5069,"date":"2025-06-16T11:06:09","date_gmt":"2025-06-16T11:06:09","guid":{"rendered":"https:\/\/asmaria.org\/?p=5069"},"modified":"2025-06-17T09:52:31","modified_gmt":"2025-06-17T09:52:31","slug":"palavra-vs-silencio-v","status":"publish","type":"post","link":"https:\/\/asmaria.org\/en\/palavra-vs-silencio-v\/","title":{"rendered":"WORD VS SILENCE V | Time"},"content":{"rendered":"<p>[et_pb_section fb_built=&#8221;1&#8243; _builder_version=&#8221;4.27.4&#8243; _module_preset=&#8221;default&#8221; custom_margin=&#8221;0px|0px|0px|0px|false|false&#8221; custom_padding=&#8221;0px|0px|0px|0px|false|false&#8221; global_colors_info=&#8221;{}&#8221;][et_pb_row _builder_version=&#8221;4.27.4&#8243; _module_preset=&#8221;default&#8221; width=&#8221;100%&#8221; max_width=&#8221;100%&#8221; custom_margin=&#8221;0px|0px|0px|0px|false|false&#8221; custom_padding=&#8221;0px|0px|0px|0px|false|false&#8221; global_colors_info=&#8221;{}&#8221;][et_pb_column type=&#8221;4_4&#8243; _builder_version=&#8221;4.27.4&#8243; _module_preset=&#8221;default&#8221; global_colors_info=&#8221;{}&#8221;][et_pb_code raw_content_tablet=&#8221;<\/p>\n<style>\n .section-background {\n  background-attachment: fixed;\n  background-position: center;\n  background-size: cover;\n  height: 50vh;\n  width: 100%;\n  color: #AD945D;\n  display: flex;\n  justify-content: left;\n  align-items: center;\n}<\/p>\n<p>  \/* Estilos espec\u00edficos para cada imagem de header *\/\n  .parallax-homem {\n    background-image: url(%22https:\/\/asmaria.org\/wp-content\/uploads\/2025\/02\/1640103405-4757-joseph-1.png%22);\n    background-position-y: 10%;\n    display:flex;\n    flex-wrap:wrap;\n    justify-content: left;\n    align-items: end;\n    padding-bottom:5%;\n  }<\/p>\n<p>span39{\n    font-weight:300;\n    font-size:30px\n  }<\/p>\n<p>  p088{\n    font-family: Montserrat;\n    font-size:30px;\n  }\n   p89{\n    font-family: Montserrat;\n    font-weight:700;\n    font-size:50px;\n    line-height:1;\n  }\n  .rub{\n    padding-left:10%;\n    text-shadow: rgba(255,255,255,1) 1px 1px 20px;\n    z-index:1;\n  }<\/p>\n<\/style>\n<p><!DOCTYPE html><br \/>\n<html><br \/>\n<head><br \/>\n<meta name=%22viewport%22 content=%22width=device-width, initial-scale=1%22><\/p>\n<p>  <body><\/p>\n<section id=%22main-header%22 class=%22section-background parallax parallax-homem%22>\n<div class=%22rub%22>\n   <p088>RUBRICA<\/p088><\/br><p89>PALAVRA<\/br> <span39>versus<\/span39> SIL\u00caNCIO<\/p89>\n  <\/div>\n<\/section>\n<div id=%22portugal%22 class=%22tabcontent%22>\n<div class=%22contenttext%22>\n  <p1>PALAVRA versus SIL\u00caNCIO V<\/p1><\/br><\/p>\n<h3>O tempo<\/h3>\n<p><\/br><\/br>\n  <p09>21 de julho 2021<\/br><\/br><\/p>\n<p>Temos necessidade de trazer \u00e0 mem\u00f3ria quem somos, o quanto j\u00e1 vivemos essa mem\u00f3ria por vezes \u00e9 t\u00e3o redentora como vivida com ressentimento, assim dexemo-nos interpelar pelo tempo que nos \u00e9 dado a viver, maravilhemo-nos com o tempo do nosso crescimento em Deus. <\/p08>  <\/br><\/br><\/div>\n<p><center><iframe width=%22560%22 height=%22315%22 src=%22https:\/\/www.youtube.com\/embed\/TOHaixXi8Cc?si=t0dFInpo3-k5JGA8%22 title=%22YouTube video player%22 frameborder=%220%22 allow=%22accelerometer; autoplay; clipboard-write; encrypted-media; gyroscope; picture-in-picture; web-share%22 referrerpolicy=%22strict-origin-when-cross-origin%22 allowfullscreen><\/iframe><\/center><\/br><\/br><br \/>\n<center>\n<p09>o Tempo<\/br><\/br><\/p>\n<p>A mem\u00f3ria bate, como p\u00eandulo, <\/br><br \/>\nas coordenadas do tempo e do espa\u00e7o<\/br><br \/>\nPassado, presente, futuro<\/br><br \/>\nOntem, hoje, para sempre <\/br><\/br><\/p>\n<p>Amanhece <\/br><br \/>\nCora\u00e7\u00e3o-peregrino<\/br><br \/>\nQue percorre desfiando<\/br><br \/>\nO processo da pergunta<\/br><br \/>\nE maravilhado<\/br><br \/>\nNum profundo mist\u00e9rio<\/br><br \/>\nAcolhe o tempo da resposta <\/br><br \/>\nQue sem decifrar \u2013 porque o mist\u00e9rio n\u00e3o se decifra<\/br><br \/>\nespera.<\/br><\/br><\/p>\n<p>Entardece<\/br><br \/>\nCora\u00e7\u00e3o-atento<\/br><br \/>\nEnfrenta a pressa e a ang\u00fastia<\/br><br \/>\nExerce-se no tempo e na mem\u00f3ria<\/br><br \/>\nE nele habita o desejo<\/br><br \/>\nDe se transformar <\/br><br \/>\nem \u00e1rvore frondosa<\/br><br \/>\nQue espera paciente<\/br><br \/>\nO tempo do seu fruto.<\/br><\/br><\/p>\n<p>Anoitece<\/br><br \/>\nCora\u00e7\u00e3o-trespassado<\/br><br \/>\nPela morte e pela vida<\/br><br \/>\nNo caminho da Paz.<br \/>\n<\/br><\/br><\/p>\n<p><i>Voz de Sofia de Portugal<\/br><br \/>\nPoema de Sophie Alves, asm<\/i>\n<\/p09><\/center><br \/>\n<\/br><\/br>\n<\/div>\n<style>\n* {box-sizing: border-box}<\/p>\n<p>\/* Set height of body and the document to 100% *\/\nbody, html {\n  height: 100%;\n  margin: 0;\n  font-family: Arial;\n}<\/p>\n<p>\/* Style the tab content (and add height:100% for full page content) *\/\n.tabcontent {\n  color: black;\n  display: block;\n  height: 100%;\n  font-family:Montserrat;\n  font-size:18px;\n  padding:5% 0%;\n}<\/p>\n<p>    .contenttext{\n    padding:0% 20%;\n      text-align: left;\n  text-justify: inter-word;\n      font-weight:500;\n  }\n  h3{\n    font-family:Montserrat;\n    font-weight:700;\n    font-size:20px;\n    text-transform:uppercase;\n  }\n  p08{\n    font-family:Montserrat;\n    font-weight:700;\n  }\n  p09{\n          line-height:1.5;font-family:Montserrat;\n    font-weight:500;\n  }\n  .assinatura{\n    text-align:right;\n  }\n  .poema{\n    text-align:center;\n  }\n  .discla{\n    display:flex;\n    justify-content: flex-start;\n    column-gap:2%;\n    align-items: center;\n    padding:0% 10.5%;\n  }\n  .fotopessoa{\n    padding:0;\n    width:10%;\n  }\n  .fotop{\n    border-radius: 50%;\n    width:100%;\n  }\n  p201{\n    font-family:Montserrat;\n    font-weight:700;\n    color:black;\n    font-size:15px;\n  }\n  p002{\n    font-family:Montserrat;\n    color:black;\n    font-size:15px;\n  }\n  p1{\n    font-family:Montserrat;\n    font-weight:700;\n    font-size:12px;\n    text-transform:uppercase;\n  }\n<\/style>\n<p><\/head><\/p>\n<p><\/body><br \/>\n<\/html><br \/>\n&#8221; raw_content_phone=&#8221;<\/p>\n<style>\n .section-background {\n  background-attachment: fixed;\n  background-position: center;\n  background-size: cover;\n  height: 50vh;\n  width: 100%;\n  color: #AD945D;\n  display: flex;\n  justify-content: left;\n  align-items: center;\n}<\/p>\n<p>  \/* Estilos espec\u00edficos para cada imagem de header *\/\n  .parallax-homem {\n    background-image: url(%22https:\/\/asmaria.org\/wp-content\/uploads\/2025\/02\/1640103405-4757-joseph-1.png%22);\n    background-position-y: 10%;\n    display:flex;\n    flex-wrap:wrap;\n    justify-content: left;\n    align-items: end;\n    padding-bottom:5%;\n  }<\/p>\n<p>span39{\n    font-weight:300;\n    font-size:30px\n  }<\/p>\n<p>  p088{\n    font-family: Montserrat;\n    font-size:20px;\n  }\n   p89{\n    font-family: Montserrat;\n    font-weight:700;\n    font-size:40px;\n    line-height:1;\n  }\n  .rub{\n    padding-left:10%;\n    text-shadow: rgba(255,255,255,1) 1px 1px 20px;\n    z-index:1;\n  }<\/p>\n<\/style>\n<p><html><head><meta name=%22viewport%22 content=%22width=device-width, initial-scale=1%22><body><\/p>\n<section id=%22main-header%22 class=%22section-background parallax parallax-homem%22>\n<div class=%22rub%22>\n   <p088>RUBRICA<\/p088><\/br><p89>PALAVRA<\/br> <span39>versus<\/span39> SIL\u00caNCIO<\/p89>\n  <\/div>\n<\/section>\n<div id=%22portugal%22 class=%22tabcontent1%22>\n<div class=%22contenttext1%22>\n  <p1>PALAVRA versus SIL\u00caNCIO V<\/p1><\/br><\/p>\n<h3>O tempo<\/h3>\n<p><\/br>\n  <p09>21 de julho 2021<\/br><\/br><\/p>\n<p>Temos necessidade de trazer \u00e0 mem\u00f3ria quem somos, o quanto j\u00e1 vivemos essa mem\u00f3ria por vezes \u00e9 t\u00e3o redentora como vivida com ressentimento, assim dexemo-nos interpelar pelo tempo que nos \u00e9 dado a viver, maravilhemo-nos com o tempo do nosso crescimento em Deus. <\/p08>  <\/br><\/br><\/div>\n<p><center><iframe width=%22560%22 height=%22315%22 src=%22https:\/\/www.youtube.com\/embed\/TOHaixXi8Cc?si=t0dFInpo3-k5JGA8%22 title=%22YouTube video player%22 frameborder=%220%22 allow=%22accelerometer; autoplay; clipboard-write; encrypted-media; gyroscope; picture-in-picture; web-share%22 referrerpolicy=%22strict-origin-when-cross-origin%22 allowfullscreen><\/iframe><\/center><\/br><\/br><br \/>\n<center>\n<p09>o Tempo<\/br><br \/>\nA mem\u00f3ria bate, como p\u00eandulo, <\/br>as coordenadas do tempo e do espa\u00e7o<\/br>Passado, presente, futuro<\/br>Ontem, hoje, para sempre <\/br><br \/>\nAmanhece <\/br>Cora\u00e7\u00e3o-peregrino<\/br>Que percorre desfiando<\/br>O processo da pergunta<\/br>E maravilhado<\/br>Num profundo mist\u00e9rio<\/br>Acolhe o tempo da resposta <\/br>Que sem decifrar \u2013 porque o mist\u00e9rio n\u00e3o se decifra<\/br>espera.<\/br><br \/>\nEntardece<\/br>Cora\u00e7\u00e3o-atento<\/br>Enfrenta a pressa e a ang\u00fastia<\/br>Exerce-se no tempo e na mem\u00f3ria<\/br>E nele habita o desejo<\/br>De se transformar <\/br>em \u00e1rvore frondosa<\/br>Que espera paciente<\/br>O tempo do seu fruto.<\/br><br \/>\nAnoitece<\/br>Cora\u00e7\u00e3o-trespassado<\/br>Pela morte e pela vida<\/br>No caminho da Paz. <\/br><br \/>\n<i>Voz de Sofia de Portugal<\/br>Poema de Sophie Alves, asm<\/i>\n<\/p09><\/center><br \/>\n<\/br><\/br>\n<\/div>\n<style>\n* {box-sizing: border-box}<\/p>\n<p>\/* Set height of body and the document to 100% *\/\nbody, html {\n  height: 100%;\n  margin: 0;\n  font-family: Arial;\n}<\/p>\n<p>\/* Style the tab content (and add height:100% for full page content) *\/\n.tabcontent1 {\n  color: black;\n  display: block;\n  height: 100%;\n  font-family:Montserrat;\n  font-size:15px;\n  padding:5% 0%;\n}<\/p>\n<p>    .contenttext1{\n    padding:0% 5%;\n      text-align: left;\n  text-justify: inter-word;\n      font-weight:500;\n  }\n  h3{\n    font-family:Montserrat;\n    font-weight:700;\n    font-size:20px;\n    text-transform:uppercase;\n  }\n  p08{\n    font-family:Montserrat;\n    font-weight:700;\n  }\n  p09{\n          line-height:1.5;font-family:Montserrat;\n    font-weight:500;\n  }\n  .assinatura{\n    text-align:right;\n    margin-top:5%;\n  }\n  .poema{\n    text-align:center;\n  }\n  .discla1{\n    display:flex;\n    justify-content: flex-start;\n    column-gap:2%;\n    align-items: center;\n    padding:0% 5%;\n  }\n  .fotopessoa1{\n    padding:0;\n    width:25%;\n  }\n  .fotop1{\n    border-radius: 50%;\n    width:100%;\n  }\n  p201{\n    font-family:Montserrat;\n    font-weight:700;\n    color:black;\n    font-size:15px;\n  }\n  p002{\n    font-family:Montserrat;\n    color:black;\n    font-size:15px;\n  }\n    p1{\n    font-family:Montserrat;\n    font-weight:700;\n    font-size:12px;\n    text-transform:uppercase;\n  }<\/p>\n<\/style>\n<p><\/head><\/p>\n<p><\/body><br \/>\n<\/html><br \/>\n&#8221; raw_content_last_edited=&#8221;on|phone&#8221; _builder_version=&#8221;4.27.4&#8243; _module_preset=&#8221;default&#8221; hover_enabled=&#8221;0&#8243; global_colors_info=&#8221;{}&#8221; sticky_enabled=&#8221;0&#8243;]<\/p>\n<style><!-- [et_pb_line_break_holder] --> .section-background {<!-- [et_pb_line_break_holder] -->  background-attachment: fixed;<!-- [et_pb_line_break_holder] -->  background-position: center;<!-- [et_pb_line_break_holder] -->  background-size: cover;<!-- [et_pb_line_break_holder] -->  height: 50vh;<!-- [et_pb_line_break_holder] -->  width: 100%;<!-- [et_pb_line_break_holder] -->  color: #AD945D;<!-- [et_pb_line_break_holder] -->  display: flex;<!-- [et_pb_line_break_holder] -->  justify-content: left;<!-- [et_pb_line_break_holder] -->  align-items: center;<!-- [et_pb_line_break_holder] -->}<!-- [et_pb_line_break_holder] -->  <!-- [et_pb_line_break_holder] -->  <!-- [et_pb_line_break_holder] -->  \/* Estilos espec\u00edficos para cada imagem de header *\/<!-- [et_pb_line_break_holder] -->  .parallax-homem {<!-- [et_pb_line_break_holder] -->    background-image: url(\"https:\/\/asmaria.org\/wp-content\/uploads\/2025\/02\/1640103405-4757-joseph-1.png\");<!-- [et_pb_line_break_holder] -->    background-position-y: 10%;<!-- [et_pb_line_break_holder] -->    display:flex;<!-- [et_pb_line_break_holder] -->    flex-wrap:wrap;<!-- [et_pb_line_break_holder] -->    justify-content: left;<!-- [et_pb_line_break_holder] -->    align-items: end;<!-- [et_pb_line_break_holder] -->    padding-bottom:5%;<!-- [et_pb_line_break_holder] -->  }<!-- [et_pb_line_break_holder] --><!-- [et_pb_line_break_holder] --><!-- [et_pb_line_break_holder] -->  <!-- [et_pb_line_break_holder] -->  p088{<!-- [et_pb_line_break_holder] -->    font-family: Montserrat;<!-- [et_pb_line_break_holder] -->    font-size:30px;<!-- [et_pb_line_break_holder] -->  }<!-- [et_pb_line_break_holder] -->   p89{<!-- [et_pb_line_break_holder] -->    font-family: Montserrat;<!-- [et_pb_line_break_holder] -->    font-weight:700;<!-- [et_pb_line_break_holder] -->    font-size:50px;<!-- [et_pb_line_break_holder] -->    line-height:1;<!-- [et_pb_line_break_holder] -->  }<!-- [et_pb_line_break_holder] -->    span39{<!-- [et_pb_line_break_holder] -->    font-weight:300;<!-- [et_pb_line_break_holder] -->    font-size:30px<!-- [et_pb_line_break_holder] -->  }<!-- [et_pb_line_break_holder] -->  p088{<!-- [et_pb_line_break_holder] -->    font-family: Montserrat;<!-- [et_pb_line_break_holder] -->    font-size:30px;<!-- [et_pb_line_break_holder] -->  }<!-- [et_pb_line_break_holder] -->  p89{<!-- [et_pb_line_break_holder] -->    font-family: Montserrat;<!-- [et_pb_line_break_holder] -->    font-weight:700;<!-- [et_pb_line_break_holder] -->    font-size:50px;<!-- [et_pb_line_break_holder] -->    line-height:1;<!-- [et_pb_line_break_holder] -->  }<!-- [et_pb_line_break_holder] --> <!-- [et_pb_line_break_holder] -->  .rub{<!-- [et_pb_line_break_holder] -->    padding-left:10%;<!-- [et_pb_line_break_holder] -->    text-shadow: rgba(255,255,255,1) 1px 1px 20px;<!-- [et_pb_line_break_holder] -->    z-index:1;<!-- [et_pb_line_break_holder] -->  }<!-- [et_pb_line_break_holder] --><\/style>\n<p><!-- [et_pb_line_break_holder] --><!-- [et_pb_line_break_holder] --><!DOCTYPE html><!-- [et_pb_line_break_holder] --><html><!-- [et_pb_line_break_holder] --><head><!-- [et_pb_line_break_holder] --><meta name=\"viewport\" content=\"width=device-width, initial-scale=1\"><!-- [et_pb_line_break_holder] -->  <!-- [et_pb_line_break_holder] -->  <body><!-- [et_pb_line_break_holder] --><!-- [et_pb_line_break_holder] -->    <\/p>\n<section id=\"main-header\" class=\"section-background parallax parallax-homem\"><!-- [et_pb_line_break_holder] -->  <\/p>\n<div class=\"rub\"><!-- [et_pb_line_break_holder] -->    <p088>RUBRICA<\/p088><\/br><p89>PALAVRA<\/br> <span39>versus<\/span39> SIL\u00caNCIO<\/p89><!-- [et_pb_line_break_holder] -->  <\/div>\n<p><!-- [et_pb_line_break_holder] --><\/section>\n<p><!-- [et_pb_line_break_holder] -->    <!-- [et_pb_line_break_holder] --><!-- [et_pb_line_break_holder] --><\/p>\n<div id=\"portugal\" class=\"tabcontent\"><!-- [et_pb_line_break_holder] --><\/p>\n<div class=\"contenttext\"><!-- [et_pb_line_break_holder] -->  <p1>PALAVRA versus SIL\u00caNCIO V<\/p1><\/br><!-- [et_pb_line_break_holder] -->  <\/p>\n<h3>O tempo<\/h3>\n<p><\/br><\/br><!-- [et_pb_line_break_holder] -->  <p09>21 de julho 2021<\/br><\/br><!-- [et_pb_line_break_holder] --><!-- [et_pb_line_break_holder] -->Temos necessidade de trazer \u00e0 mem\u00f3ria quem somos, o quanto j\u00e1 vivemos essa mem\u00f3ria por vezes \u00e9 t\u00e3o redentora como vivida com ressentimento, assim dexemo-nos interpelar pelo tempo que nos \u00e9 dado a viver, maravilhemo-nos com o tempo do nosso crescimento em Deus. <\/p08>  <\/br><\/br><\/div>\n<p><!-- [et_pb_line_break_holder] --><center><iframe width=\"560\" height=\"315\" src=\"https:\/\/www.youtube.com\/embed\/TOHaixXi8Cc?si=t0dFInpo3-k5JGA8\" title=\"YouTube video player\" frameborder=\"0\" allow=\"accelerometer; autoplay; clipboard-write; encrypted-media; gyroscope; picture-in-picture; web-share\" referrerpolicy=\"strict-origin-when-cross-origin\" allowfullscreen><\/iframe><\/center><\/br><\/br><!-- [et_pb_line_break_holder] --><center><!-- [et_pb_line_break_holder] --><p09>o Tempo<\/br><\/br><!-- [et_pb_line_break_holder] --><!-- [et_pb_line_break_holder] -->A mem\u00f3ria bate, como p\u00eandulo, <\/br><!-- [et_pb_line_break_holder] -->as coordenadas do tempo e do espa\u00e7o<\/br><!-- [et_pb_line_break_holder] -->Passado, presente, futuro<\/br><!-- [et_pb_line_break_holder] -->Ontem, hoje, para sempre <\/br><\/br><!-- [et_pb_line_break_holder] --><!-- [et_pb_line_break_holder] -->Amanhece <\/br><!-- [et_pb_line_break_holder] -->Cora\u00e7\u00e3o-peregrino<\/br><!-- [et_pb_line_break_holder] -->Que percorre desfiando<\/br><!-- [et_pb_line_break_holder] -->O processo da pergunta<\/br><!-- [et_pb_line_break_holder] -->E maravilhado<\/br><!-- [et_pb_line_break_holder] -->Num profundo mist\u00e9rio<\/br><!-- [et_pb_line_break_holder] -->Acolhe o tempo da resposta <\/br><!-- [et_pb_line_break_holder] -->Que sem decifrar \u2013 porque o mist\u00e9rio n\u00e3o se decifra<\/br><!-- [et_pb_line_break_holder] -->espera.<\/br><\/br><!-- [et_pb_line_break_holder] --><!-- [et_pb_line_break_holder] -->Entardece<\/br><!-- [et_pb_line_break_holder] -->Cora\u00e7\u00e3o-atento<\/br><!-- [et_pb_line_break_holder] -->Enfrenta a pressa e a ang\u00fastia<\/br><!-- [et_pb_line_break_holder] -->Exerce-se no tempo e na mem\u00f3ria<\/br><!-- [et_pb_line_break_holder] -->E nele habita o desejo<\/br><!-- [et_pb_line_break_holder] -->De se transformar <\/br><!-- [et_pb_line_break_holder] -->em \u00e1rvore frondosa<\/br><!-- [et_pb_line_break_holder] -->Que espera paciente<\/br><!-- [et_pb_line_break_holder] -->O tempo do seu fruto.<\/br><\/br><!-- [et_pb_line_break_holder] --><!-- [et_pb_line_break_holder] -->Anoitece<\/br><!-- [et_pb_line_break_holder] -->Cora\u00e7\u00e3o-trespassado<\/br><!-- [et_pb_line_break_holder] -->Pela morte e pela vida<\/br><!-- [et_pb_line_break_holder] -->No caminho da Paz. <!-- [et_pb_line_break_holder] --><\/br><\/br><!-- [et_pb_line_break_holder] --><!-- [et_pb_line_break_holder] --><i>Voz de Sofia de Portugal<\/br><!-- [et_pb_line_break_holder] -->Poema de Sophie Alves, asm<\/i><!-- [et_pb_line_break_holder] --><\/p09><\/center><!-- [et_pb_line_break_holder] --><\/br><\/br><!-- [et_pb_line_break_holder] --><\/div>\n<p> <!-- [et_pb_line_break_holder] -->    <!-- [et_pb_line_break_holder] --><!-- [et_pb_line_break_holder] --><!-- [et_pb_line_break_holder] --><!-- [et_pb_line_break_holder] -->    <!-- [et_pb_line_break_holder] --><!-- [et_pb_line_break_holder] -->    <!-- [et_pb_line_break_holder] --><\/p>\n<style><!-- [et_pb_line_break_holder] -->* {box-sizing: border-box}<!-- [et_pb_line_break_holder] --><!-- [et_pb_line_break_holder] -->\/* Set height of body and the document to 100% *\/<!-- [et_pb_line_break_holder] -->body, html {<!-- [et_pb_line_break_holder] -->  height: 100%;<!-- [et_pb_line_break_holder] -->  margin: 0;<!-- [et_pb_line_break_holder] -->  font-family: Arial;<!-- [et_pb_line_break_holder] -->}<!-- [et_pb_line_break_holder] --><!-- [et_pb_line_break_holder] --><!-- [et_pb_line_break_holder] -->\/* Style the tab content (and add height:100% for full page content) *\/<!-- [et_pb_line_break_holder] -->.tabcontent {<!-- [et_pb_line_break_holder] -->  color: black;<!-- [et_pb_line_break_holder] -->  display: block;<!-- [et_pb_line_break_holder] -->  height: 100%;<!-- [et_pb_line_break_holder] -->  font-family:Montserrat;<!-- [et_pb_line_break_holder] -->  font-size:18px;<!-- [et_pb_line_break_holder] -->  padding:5% 0%;<!-- [et_pb_line_break_holder] -->}<!-- [et_pb_line_break_holder] --><!-- [et_pb_line_break_holder] -->    .contenttext{<!-- [et_pb_line_break_holder] -->    padding:0% 20%;<!-- [et_pb_line_break_holder] -->      text-align: left;<!-- [et_pb_line_break_holder] -->  text-justify: inter-word;<!-- [et_pb_line_break_holder] -->      font-weight:500;<!-- [et_pb_line_break_holder] -->  }<!-- [et_pb_line_break_holder] -->  h3{<!-- [et_pb_line_break_holder] -->    font-family:Montserrat;<!-- [et_pb_line_break_holder] -->    font-weight:700;<!-- [et_pb_line_break_holder] -->    font-size:30px;<!-- [et_pb_line_break_holder] -->    text-transform:uppercase;<!-- [et_pb_line_break_holder] -->  }<!-- [et_pb_line_break_holder] -->  p08{<!-- [et_pb_line_break_holder] -->    font-family:Montserrat;<!-- [et_pb_line_break_holder] -->    font-weight:700;<!-- [et_pb_line_break_holder] -->  }<!-- [et_pb_line_break_holder] -->  p09{<!-- [et_pb_line_break_holder] -->          line-height:1.5;font-family:Montserrat;<!-- [et_pb_line_break_holder] -->    font-weight:500;<!-- [et_pb_line_break_holder] -->  }<!-- [et_pb_line_break_holder] -->  .assinatura{<!-- [et_pb_line_break_holder] -->    text-align:right;<!-- [et_pb_line_break_holder] -->  }<!-- [et_pb_line_break_holder] --><!-- [et_pb_line_break_holder] -->  .discla{<!-- [et_pb_line_break_holder] -->    display:flex;<!-- [et_pb_line_break_holder] -->    justify-content: flex-start;<!-- [et_pb_line_break_holder] -->    column-gap:2%;<!-- [et_pb_line_break_holder] -->    align-items: center;<!-- [et_pb_line_break_holder] -->    padding:0% 10.5%;<!-- [et_pb_line_break_holder] -->  }<!-- [et_pb_line_break_holder] -->  .fotopessoa{<!-- [et_pb_line_break_holder] -->    padding:0;<!-- [et_pb_line_break_holder] -->    width:10%;<!-- [et_pb_line_break_holder] -->  }<!-- [et_pb_line_break_holder] -->  .fotop{<!-- [et_pb_line_break_holder] -->    border-radius: 50%;<!-- [et_pb_line_break_holder] -->    width:100%;<!-- [et_pb_line_break_holder] -->  }<!-- [et_pb_line_break_holder] -->  p201{<!-- [et_pb_line_break_holder] -->    font-family:Montserrat;<!-- [et_pb_line_break_holder] -->    font-weight:700;<!-- [et_pb_line_break_holder] -->    color:black;<!-- [et_pb_line_break_holder] -->    font-size:15px;<!-- [et_pb_line_break_holder] -->  }<!-- [et_pb_line_break_holder] -->  p002{<!-- [et_pb_line_break_holder] -->    font-family:Montserrat;<!-- [et_pb_line_break_holder] -->    color:black;<!-- [et_pb_line_break_holder] -->    font-size:15px;<!-- [et_pb_line_break_holder] -->  }<!-- [et_pb_line_break_holder] -->  hr{<!-- [et_pb_line_break_holder] -->    border:1px solid #ad945d;<!-- [et_pb_line_break_holder] -->  }<!-- [et_pb_line_break_holder] -->  h3{<!-- [et_pb_line_break_holder] -->    line-height:1.5;<!-- [et_pb_line_break_holder] -->  }<!-- [et_pb_line_break_holder] -->  p1{<!-- [et_pb_line_break_holder] -->    font-family:Montserrat;<!-- [et_pb_line_break_holder] -->    font-weight:700;<!-- [et_pb_line_break_holder] -->    font-size:15px;<!-- [et_pb_line_break_holder] -->    text-transform:uppercase;<!-- [et_pb_line_break_holder] -->  }<!-- [et_pb_line_break_holder] --><\/style>\n<p><!-- [et_pb_line_break_holder] --><\/head><!-- [et_pb_line_break_holder] --><!-- [et_pb_line_break_holder] --><!-- [et_pb_line_break_holder] --><!-- [et_pb_line_break_holder] -->   <!-- [et_pb_line_break_holder] --><\/body><!-- [et_pb_line_break_holder] --><\/html> <!-- [et_pb_line_break_holder] -->[\/et_pb_code][\/et_pb_column][\/et_pb_row][\/et_pb_section][et_pb_section fb_built=&#8221;1&#8243; _builder_version=&#8221;4.27.2&#8243; _module_preset=&#8221;default&#8221; transform_translate_linked=&#8221;off&#8221; custom_margin=&#8221;0px|0px|0px|0px|false|false&#8221; custom_padding=&#8221;0px|0px|0px|0px|false|false&#8221; locked=&#8221;off&#8221; global_colors_info=&#8221;{}&#8221;][et_pb_row _builder_version=&#8221;4.27.2&#8243; _module_preset=&#8221;default&#8221; width=&#8221;90%&#8221; max_width=&#8221;90%&#8221; module_alignment=&#8221;center&#8221; custom_margin=&#8221;5%|0px|5%|0px|false|false&#8221; custom_padding=&#8221;0px|0px|0px|0px|false|false&#8221; global_colors_info=&#8221;{}&#8221;][et_pb_column type=&#8221;4_4&#8243; _builder_version=&#8221;4.27.2&#8243; _module_preset=&#8221;default&#8221; global_colors_info=&#8221;{}&#8221;][et_pb_blog fullwidth=&#8221;off&#8221; posts_number=&#8221;3&#8243; include_categories=&#8221;11&#8243; show_author=&#8221;off&#8221; show_date=&#8221;off&#8221; show_categories=&#8221;off&#8221; show_excerpt=&#8221;off&#8221; show_pagination=&#8221;off&#8221; use_overlay=&#8221;on&#8221; overlay_icon_color=&#8221;#ad945d&#8221; hover_overlay_color=&#8221;rgba(72,81,97,0.5)&#8221; hover_icon=&#8221;&#xf518;||fa||900&#8243; masonry_tile_background_color=&#8221;#FFFFFF&#8221; _builder_version=&#8221;4.27.4&#8243; _module_preset=&#8221;default&#8221; header_font=&#8221;Montserrat||||||||&#8221; header_text_color=&#8221;#ad945d&#8221; body_font=&#8221;Montserrat||||||||&#8221; body_text_color=&#8221;#000000&#8243; read_more_text_color=&#8221;#000000&#8243; pagination_font=&#8221;Montserrat||||||||&#8221; pagination_text_color=&#8221;#000000&#8243; background_color=&#8221;#FFFFFF&#8221; transform_translate_linked=&#8221;off&#8221; border_width_all=&#8221;0px&#8221; box_shadow_style=&#8221;preset1&#8243; box_shadow_color=&#8221;rgba(0,0,0,0.06)&#8221; global_colors_info=&#8221;{}&#8221; transform_styles__hover_enabled=&#8221;off|desktop&#8221; transform_scale__hover_enabled=&#8221;off|desktop&#8221; transform_translate__hover_enabled=&#8221;off|desktop&#8221; transform_rotate__hover_enabled=&#8221;off|desktop&#8221; transform_skew__hover_enabled=&#8221;off|desktop&#8221; transform_origin__hover_enabled=&#8221;off|desktop&#8221; transform_translate__hover=&#8221;0px|-25px&#8221;][\/et_pb_blog][\/et_pb_column][\/et_pb_row][\/et_pb_section]<\/p>\n","protected":false},"excerpt":{"rendered":"","protected":false},"author":1,"featured_media":1733,"comment_status":"closed","ping_status":"closed","sticky":false,"template":"elementor_header_footer","format":"standard","meta":{"_et_pb_use_builder":"on","_et_pb_old_content":"","_et_gb_content_width":"2880","inline_featured_image":false,"footnotes":""},"categories":[11],"tags":[37],"class_list":["post-5069","post","type-post","status-publish","format-standard","has-post-thumbnail","hentry","category-rubrica","tag-palavras-vs-silencio"],"_links":{"self":[{"href":"https:\/\/asmaria.org\/en\/wp-json\/wp\/v2\/posts\/5069","targetHints":{"allow":["GET"]}}],"collection":[{"href":"https:\/\/asmaria.org\/en\/wp-json\/wp\/v2\/posts"}],"about":[{"href":"https:\/\/asmaria.org\/en\/wp-json\/wp\/v2\/types\/post"}],"author":[{"embeddable":true,"href":"https:\/\/asmaria.org\/en\/wp-json\/wp\/v2\/users\/1"}],"replies":[{"embeddable":true,"href":"https:\/\/asmaria.org\/en\/wp-json\/wp\/v2\/comments?post=5069"}],"version-history":[{"count":5,"href":"https:\/\/asmaria.org\/en\/wp-json\/wp\/v2\/posts\/5069\/revisions"}],"predecessor-version":[{"id":5195,"href":"https:\/\/asmaria.org\/en\/wp-json\/wp\/v2\/posts\/5069\/revisions\/5195"}],"wp:featuredmedia":[{"embeddable":true,"href":"https:\/\/asmaria.org\/en\/wp-json\/wp\/v2\/media\/1733"}],"wp:attachment":[{"href":"https:\/\/asmaria.org\/en\/wp-json\/wp\/v2\/media?parent=5069"}],"wp:term":[{"taxonomy":"category","embeddable":true,"href":"https:\/\/asmaria.org\/en\/wp-json\/wp\/v2\/categories?post=5069"},{"taxonomy":"post_tag","embeddable":true,"href":"https:\/\/asmaria.org\/en\/wp-json\/wp\/v2\/tags?post=5069"}],"curies":[{"name":"wp","href":"https:\/\/api.w.org\/{rel}","templated":true}]}}