{"id":5328,"date":"2025-10-13T14:54:40","date_gmt":"2025-10-13T14:54:40","guid":{"rendered":"https:\/\/asmaria.org\/?p=5328"},"modified":"2025-10-13T16:50:19","modified_gmt":"2025-10-13T16:50:19","slug":"ignis-vai-a-prisao","status":"publish","type":"post","link":"https:\/\/asmaria.org\/en\/ignis-vai-a-prisao\/","title":{"rendered":"IGNIS goes to prison"},"content":{"rendered":"<p>[et_pb_section fb_built=&#8221;1&#8243; _builder_version=&#8221;4.27.2&#8243; _module_preset=&#8221;default&#8221; custom_margin=&#8221;0px|0px|0px|0px|false|false&#8221; custom_padding=&#8221;0px|0px|0px|0px|false|false&#8221; locked=&#8221;off&#8221; global_colors_info=&#8221;{}&#8221;][et_pb_row _builder_version=&#8221;4.27.2&#8243; _module_preset=&#8221;default&#8221; width=&#8221;100%&#8221; max_width=&#8221;100%&#8221; custom_margin=&#8221;0px|0px|0px|0px|false|false&#8221; custom_padding=&#8221;0px|0px|0px|0px|false|false&#8221; global_colors_info=&#8221;{}&#8221;][et_pb_column type=&#8221;4_4&#8243; _builder_version=&#8221;4.27.2&#8243; _module_preset=&#8221;default&#8221; global_colors_info=&#8221;{}&#8221;][et_pb_code raw_content_tablet=&#8221;<\/p>\n<section class=%22section-background1 parallax1%22>\n<\/section>\n<style>\n .section-background1 {\n  background-attachment: scroll;\n  background-position-y:65%;\n  background-size: cover;\n  height: 40vh;\n  width: 100%;\n  color: #FFFFFF;\n  justify-content: left;\n  align-items: end;\n  display:flex;\n  flex-wrap:wrap;\n  padding-bottom:5%\n}\n.parallax1 {\n  background-image: url(%22https:\/\/asmaria.org\/wp-content\/uploads\/2025\/05\/Retiro-IGNIS-2025-5.jpeg%22); \n  position: relative;\n}<\/p>\n<p>.parallax:before {\n  content: %22%22;\n  position: absolute;\n  left: 0; right: 0;\n  top: 0; bottom: 0;\n  background: rgba(173,148,93,.0);\n}\n  span39{\n    font-weight:300;\n    font-size:30px\n  }\n  p088{\n    font-family: Montserrat;\n    font-size:30px;\n  }\n  p89{\n    font-family: Montserrat;\n    font-weight:700;\n    font-size:50px;\n    line-height:1;\n  }\n  .rub{\n    padding-left:10%;\n    z-index:1;\n  }\n<\/style>\n<p>&#8221; raw_content_phone=&#8221;<\/p>\n<section class=%22section-background2 parallax2%22>\n <\/section>\n<style>\n .section-background2 {\n  background-attachment: scroll;\n  background-position: center;\n  background-size: cover;\n  height: 40vh;\n  width: 100%;\n  color: #FFFFFF;\n  display: flex;\n  justify-content: left;\n  align-items: end;\n  padding-bottom:2%\n}\n.parallax2 {\n  background-image: url(%22https:\/\/asmaria.org\/wp-content\/uploads\/2025\/05\/Retiro-IGNIS-2025-5.jpeg%22); \n  background-position-y:70%;\n  position: relative;\n}<\/p>\n<p>.parallax:before {\n  content: %22%22;\n  position: absolute;\n  left: 0; right: 0;\n  top: 0; bottom: 0;\n  background: rgba(173,148,93,.0);\n}<\/p>\n<p>  p088{\n    font-family: Montserrat;\n    font-size:20px;\n  }\n  p89{\n    font-family: Montserrat;\n    font-weight:700;\n    font-size:30px;\n    line-height:1;\n  }\n  .rub{\n    padding-left:10%;\n    z-index:1;\n  }\n<\/style>\n<p>&#8221; raw_content_last_edited=&#8221;on|phone&#8221; _builder_version=&#8221;4.27.4&#8243; _module_preset=&#8221;default&#8221; hover_enabled=&#8221;0&#8243; global_colors_info=&#8221;{}&#8221; sticky_enabled=&#8221;0&#8243;]<\/p>\n<section class=\"section-background parallax\"><!-- [et_pb_line_break_holder] --><\/section>\n<p><!-- [et_pb_line_break_holder] --><!-- [et_pb_line_break_holder] --><\/p>\n<style><!-- [et_pb_line_break_holder] --> .section-background {<!-- [et_pb_line_break_holder] -->  background-attachment: fixed;<!-- [et_pb_line_break_holder] -->  background-position: center;<!-- [et_pb_line_break_holder] -->  background-size: cover;<!-- [et_pb_line_break_holder] -->  height: 60vh;<!-- [et_pb_line_break_holder] -->  width: 100%;<!-- [et_pb_line_break_holder] -->  color: #FFFFFF;<!-- [et_pb_line_break_holder] -->  display: flex;<!-- [et_pb_line_break_holder] -->  justify-content: left;<!-- [et_pb_line_break_holder] -->  align-items: end;<!-- [et_pb_line_break_holder] -->}<!-- [et_pb_line_break_holder] -->.parallax {<!-- [et_pb_line_break_holder] -->  background-image: url(https:\/\/asmaria.org\/wp-content\/uploads\/2025\/10\/artak-petrosyan-Qp1qpHbsAcU-unsplash.webp); <!-- [et_pb_line_break_holder] -->  background-position-y:70%;<!-- [et_pb_line_break_holder] -->  position: relative;<!-- [et_pb_line_break_holder] -->}<!-- [et_pb_line_break_holder] --><!-- [et_pb_line_break_holder] -->.parallax:before {<!-- [et_pb_line_break_holder] -->  content: \"\";<!-- [et_pb_line_break_holder] -->  position: absolute;<!-- [et_pb_line_break_holder] -->  left: 0; right: 0;<!-- [et_pb_line_break_holder] -->  top: 0; bottom: 0;<!-- [et_pb_line_break_holder] -->  background: rgba(173,148,93,.0);<!-- [et_pb_line_break_holder] -->}<!-- [et_pb_line_break_holder] -->  span39{<!-- [et_pb_line_break_holder] -->    font-weight:300;<!-- [et_pb_line_break_holder] -->    font-size:30px<!-- [et_pb_line_break_holder] -->  }<!-- [et_pb_line_break_holder] -->  p088{<!-- [et_pb_line_break_holder] -->    font-family: Montserrat;<!-- [et_pb_line_break_holder] -->    font-size:30px;<!-- [et_pb_line_break_holder] -->  }<!-- [et_pb_line_break_holder] -->  p89{<!-- [et_pb_line_break_holder] -->    font-family: Montserrat;<!-- [et_pb_line_break_holder] -->    font-weight:700;<!-- [et_pb_line_break_holder] -->    font-size:50px;<!-- [et_pb_line_break_holder] -->    line-height:1;<!-- [et_pb_line_break_holder] -->  }<!-- [et_pb_line_break_holder] -->  .rub{<!-- [et_pb_line_break_holder] -->    padding-left:10%;<!-- [et_pb_line_break_holder] -->    padding-bottom:5%;<!-- [et_pb_line_break_holder] -->    z-index:1;<!-- [et_pb_line_break_holder] -->  }<!-- [et_pb_line_break_holder] --><\/style>\n<p>[\/et_pb_code][\/et_pb_column][\/et_pb_row][\/et_pb_section][et_pb_section fb_built=&#8221;1&#8243; _builder_version=&#8221;4.27.2&#8243; _module_preset=&#8221;default&#8221; custom_margin=&#8221;0px|0px|0px|0px|false|false&#8221; custom_padding=&#8221;0px|0px|0px|0px|false|false&#8221; locked=&#8221;off&#8221; global_colors_info=&#8221;{}&#8221;][et_pb_row _builder_version=&#8221;4.27.2&#8243; _module_preset=&#8221;default&#8221; width=&#8221;100%&#8221; max_width=&#8221;100%&#8221; custom_margin=&#8221;0px|0px|0px|0px|false|false&#8221; custom_padding=&#8221;0px|0px|0px|0px|false|false&#8221; global_colors_info=&#8221;{}&#8221;][et_pb_column type=&#8221;4_4&#8243; _builder_version=&#8221;4.27.2&#8243; _module_preset=&#8221;default&#8221; global_colors_info=&#8221;{}&#8221;][et_pb_code raw_content_tablet=&#8221;<\/p>\n<div class=%22tabcontent%22>\n        <p1>Not\u00edcia<\/p1><\/br><\/p>\n<h3>Retiro IGNIS 2025 | %22Desejo, espero, confio%22<\/h3>\n<p><\/br>\n<p08>Nos passados dias 4 a 6 de abril, na casa de Forma\u00e7\u00e3o, juntaram-se alguns jovens para rezarem juntos, em sil\u00eancio. Foi o Retiro de jovens IGNIS: Tempo de gra\u00e7a e de verdade.  Tivemos oportunidade de mergulhar em Deus, a partir da experi\u00eancia e vida de Santa Teresa do Menino Jesus, apresentada pelo Padre carmelita, Jo\u00e3o Rego. <\/br><br \/>\nContam-nos dois participantes:<\/br><br \/>\nNo retiro IGNIS, atrav\u00e9s do sil\u00eancio, pude aprender a escutar e a meditar no que Deus me dizia. Este retiro foi conhecer Teresinha, %22uma santa debilitada e imperfeita%22, tal como n\u00f3s. Foi ela quem me mostrou, entre tantas outras coisas,  o verdadeiro amor de Deus, o %22amor misericordioso%22, o amor que guia a nossa vida. Foi ela que me chamou tamb\u00e9m \u00e0 aten\u00e7\u00e3o para a import\u00e2ncia de sermos %22pequenos%22 e fr\u00e1geis, assim como Deus fez, tornando-se pequeno e fr\u00e1gil ao ponto de caber no sacr\u00e1rio e se colocar %22\u00e0 nossa merc\u00ea%22 nas nossas m\u00e3os sempre que O comungamos! <\/br><\/p>\n<div class=%22direita%22>\n  <i>Tom\u00e1s, \u00c9vora <\/i>\n<\/div>\n<p> <\/br><br \/>\nO retiro IGNIS foi um encontro transformador com Jesus, onde aprendi a abandonar-me nos Seus bra\u00e7os com confian\u00e7a total. No sil\u00eancio, fui escutando o eco de \u201cDesejo, espero, confio\u201d como caminho de entrega. Foi uma experi\u00eancia de amor simples e profundo, onde a confian\u00e7a se tornou ora\u00e7\u00e3o e o abandono, liberdade. Ali, percebi que ser pequena \u00e9, afinal, o caminho mais curto para o Infinito. <\/br><\/p>\n<div class=%22direita%22>\n  <i>Marta, Porto<\/i>\n<\/div>\n<\/p08>\n  <\/br><\/br><\/p>\n<div class=%22colunas%22>\n<img src=%22https:\/\/asmaria.org\/wp-content\/uploads\/2025\/05\/Retiro-IGNIS-2025-4.jpeg%22><\/img><br \/>\n<img src=%22https:\/\/asmaria.org\/wp-content\/uploads\/2025\/05\/Retiro-IGNIS-2025-3.jpeg%22><\/img><br \/>\n<img src=%22https:\/\/asmaria.org\/wp-content\/uploads\/2025\/05\/Retiro-IGNIS-2025-2.jpeg%22><\/img><br \/>\n<img src=%22https:\/\/asmaria.org\/wp-content\/uploads\/2025\/05\/Retiro-IGNIS-2025-1.jpeg%22><\/img>\n<\/div>\n<\/div>\n<style>\n* {box-sizing: border-box}<\/p>\n<p>\/* Set height of body and the document to 100% *\/\nbody, html {\n  height: 100%;\n  margin: 0;\n  font-family: Arial;\n}<\/p>\n<p>\/* Style tab links *\/<\/p>\n<p>.tabcontent {\n  color: black;\n  display: block;\n  padding: 100px 20px;\n  height: 100%;\n  font-family:Montserrat;\n  font-size:15px;\n  padding:8% 10%;\n}\n  .tabcontent:active{\n    font-family:Montserrat;\n    font-weight:700;\n  }\n  p1{\n    font-family:Montserrat;\n    font-weight:400;\n    font-size:15px;\n    text-transform:uppercase;\n  }\n  h3{\n    font-family:Montserrat;\n    font-weight:700;\n    font-size:20px;\n    text-transform:uppercase;\n  }\n  p08{\n    font-family:Montserrat;\n    font-weight:500;\n  }<\/p>\n<p>  p002{\n    font-family:Montserrat;\n    color:black;\n    font-size:15px;\n  }<\/p>\n<p>    .direita{\n    float:right;\n  }<\/p>\n<\/style>\n<p><\/body><br \/>\n<\/html><br \/>\n&#8221; raw_content_phone=&#8221;<\/p>\n<div class=%22tabcontent2%22>\n        <p1>Not\u00edcia<\/p1><\/br><\/p>\n<h4>Retiro IGNIS 2025 | %22Desejo, espero, confio%22<\/h4>\n<p><\/br><\/br>\n<p08>Nos passados dias 4 a 6 de abril, na casa de Forma\u00e7\u00e3o, juntaram-se alguns jovens para rezarem juntos, em sil\u00eancio. Foi o Retiro de jovens IGNIS: Tempo de gra\u00e7a e de verdade.  Tivemos oportunidade de mergulhar em Deus, a partir da experi\u00eancia e vida de Santa Teresa do Menino Jesus, apresentada pelo Padre carmelita, Jo\u00e3o Rego.<\/br><\/br><br \/>\nContam-nos dois participantes:<\/br><\/br><br \/>\nNo retiro IGNIS, atrav\u00e9s do sil\u00eancio, pude aprender a escutar e a meditar no que Deus me dizia. Este retiro foi conhecer Teresinha, %22uma santa debilitada e imperfeita%22, tal como n\u00f3s. Foi ela quem me mostrou, entre tantas outras coisas,  o verdadeiro amor de Deus, o %22amor misericordioso%22, o amor que guia a nossa vida. Foi ela que me chamou tamb\u00e9m \u00e0 aten\u00e7\u00e3o para a import\u00e2ncia de sermos %22pequenos%22 e fr\u00e1geis, assim como Deus fez, tornando-se pequeno e fr\u00e1gil ao ponto de caber no sacr\u00e1rio e se colocar %22\u00e0 nossa merc\u00ea%22 nas nossas m\u00e3os sempre que O comungamos!<\/br><\/br><\/p>\n<div class=%22direita%22>\n  <i>Tom\u00e1s, \u00c9vora <\/i>\n<\/div>\n<p> <\/br><\/br><br \/>\nO retiro IGNIS foi um encontro transformador com Jesus, onde aprendi a abandonar-me nos Seus bra\u00e7os com confian\u00e7a total. No sil\u00eancio, fui escutando o eco de \u201cDesejo, espero, confio\u201d como caminho de entrega. Foi uma experi\u00eancia de amor simples e profundo, onde a confian\u00e7a se tornou ora\u00e7\u00e3o e o abandono, liberdade. Ali, percebi que ser pequena \u00e9, afinal, o caminho mais curto para o Infinito. <\/br><\/br><\/p>\n<div class=%22direita%22>\n  <i>Marta, Porto<\/i>\n<\/div>\n<\/p08>\n  <\/br><\/br><\/p>\n<div class=%22colunas%22>\n<img src=%22https:\/\/asmaria.org\/wp-content\/uploads\/2025\/05\/Retiro-IGNIS-2025-4.jpeg%22><\/img><br \/>\n<img src=%22https:\/\/asmaria.org\/wp-content\/uploads\/2025\/05\/Retiro-IGNIS-2025-3.jpeg%22><\/img><br \/>\n<img src=%22https:\/\/asmaria.org\/wp-content\/uploads\/2025\/05\/Retiro-IGNIS-2025-2.jpeg%22><\/img><br \/>\n<img src=%22https:\/\/asmaria.org\/wp-content\/uploads\/2025\/05\/Retiro-IGNIS-2025-1.jpeg%22><\/img>\n<\/div>\n<\/div>\n<style>\n* {box-sizing: border-box}<\/p>\n<p>\/* Set height of body and the document to 100% *\/\nbody, html {\n  height: 100%;\n  margin: 0;\n  font-family: Arial;\n}<\/p>\n<p>\/* Style the tab content (and add height:100% for full page content) *\/\n.tabcontent2 {\n  color: black;\n  display: block;\n  padding: 100px 20px;\n  height: 100%;\n  font-family:Montserrat;\n  font-size:15px;\n  padding:15% 5%;\n}<\/p>\n<p>  p1{\n    font-family:Montserrat;\n    font-weight:400;\n    font-size:15px;\n    text-transform:uppercase;\n  }\n  h4{\n    font-family:Montserrat;\n    font-weight:700;\n    font-size:20px;\n    text-transform:uppercase;\n  }<\/p>\n<p>  p08{\n    font-family:Montserrat;\n    font-weight:500;\n  }<\/p>\n<p>  .direita{float:right;}<\/p>\n<\/style>\n<p><\/head><\/p>\n<p><\/body><br \/>\n<\/html><br \/>\n&#8221; raw_content_last_edited=&#8221;on|desktop&#8221; _builder_version=&#8221;4.27.4&#8243; _module_preset=&#8221;default&#8221; global_colors_info=&#8221;{}&#8221;]<\/p>\n<div class=\"tabcontent\"><!-- [et_pb_line_break_holder] -->        <p1>Not\u00edcia<\/p1><\/br><!-- [et_pb_line_break_holder] -->  <\/p>\n<h3>vai \u00e0 pris\u00e3o com a pastoral Ignis<\/h3>\n<p><\/br><\/br><!-- [et_pb_line_break_holder] --><p08> Vai \u00e0 pris\u00e3o com a Pastoral IGNIS!<!-- [et_pb_line_break_holder] -->Neste Ano Jubilar, somos chamados a ser sinais palp\u00e1veis de esperan\u00e7a para muitos irm\u00e3os e irm\u00e3s que vivem em condi\u00e7\u00f5es de dificuldade. Penso nos presos que, privados de liberdade, al\u00e9m da dureza da reclus\u00e3o, experimentam dia a dia o vazio afetivo, as restri\u00e7\u00f5es impostas e, em n\u00e3o poucos casos, a falta de respeito.&#8221;  [Papa Francisco, Bula Spes non confundit, n.10]<!-- [et_pb_line_break_holder] --> <\/br><\/br><!-- [et_pb_line_break_holder] -->A ida ao Estabelecimento Prisional de Tires, foi um destes sinais de esperan\u00e7a que se tornaram palp\u00e1veis, na vida de alguns jovens que participaram nesta miss\u00e3o proporcionada pela Pastoral IGNIS, no dia 16 nos meses de fevereiro e mar\u00e7o e dia 17 do m\u00eas de agosto.<!-- [et_pb_line_break_holder] -->Os momentos de miss\u00e3o, s\u00e3o tamb\u00e9m iluminados pelo cap\u00edtulo 25 de S. Mateus: &#8220;Estava na pris\u00e3o, e fostes ter comigo\u201d e, pelo incr\u00edvel epis\u00f3dio dos Pastorinhos que na pris\u00e3o de Our\u00e9m, contam que \u201cos presos rezaram com eles\u201d (Mem\u00f3ria da Irm\u00e3 L\u00facia, p. 52).<!-- [et_pb_line_break_holder] --> <\/br><\/br><!-- [et_pb_line_break_holder] -->Testemunho de tr\u00eas jovens partilham a sua experi\u00eancia: <!-- [et_pb_line_break_holder] --> <\/br><\/br><!-- [et_pb_line_break_holder] -->Para mim, ir \u00e0 Pris\u00e3o foi desconstruir qualquer ideia preconcebida que pudesse ter acerca daquela realidade. A Eucaristia que anim\u00e1mos foi vivida pelas mulheres que visit\u00e1mos com intensidade e vontade de participar, n\u00e3o havendo receio de sentir em voz alta. O que mais me marcou foi perceber o quanto aquelas mulheres valorizam a liberdade mais do que n\u00f3s e, por isso, comove-as tanto que dispunhamos do nosso tempo para as ir visitar. <!-- [et_pb_line_break_holder] --> <\/br><\/br><!-- [et_pb_line_break_holder] --><\/p>\n<div class=\"direita\"><!-- [et_pb_line_break_holder] -->  <i>Joana Silveira <\/i><!-- [et_pb_line_break_holder] --><\/div>\n<p><!-- [et_pb_line_break_holder] --> <\/br><\/br><!-- [et_pb_line_break_holder] --> <\/br><\/br><!-- [et_pb_line_break_holder] -->Para mim, ir \u00e0 pris\u00e3o foi uma experi\u00eancia a repetir. O que mais me surpreendeu foi a \u201cnormalidade\u201d das pessoas. As reclusas n\u00e3o s\u00e3o como vemos nos filmes, de macac\u00e3o laranja e com uma express\u00e3o agressiva e desgastada. Muitas estavam bem arranjadas e sorriram-nos tanto! Era bem vis\u00edvel a sua gratid\u00e3o! Durante a 1.\u00aa eucaristia que anim\u00e1mos, olhei para elas e s\u00f3 conseguia pensar nos motivos pelos quais elas ali estavam. Parecia que nada fazia sentido. Pareciam as pessoas com quem me cruzo no meu dia-a-dia.<!-- [et_pb_line_break_holder] -->Acho que conseguem viver a f\u00e9 de uma forma diferente da minha. Pelo menos, senti que lhes pude levar a esperan\u00e7a de que necessitam! <!-- [et_pb_line_break_holder] --> <\/br><\/br><!-- [et_pb_line_break_holder] --><\/p>\n<div class=\"direita\"><!-- [et_pb_line_break_holder] -->  <i>Marisa Santos<\/i><!-- [et_pb_line_break_holder] -->  <\/div>\n<p><!-- [et_pb_line_break_holder] --> <\/br><\/br><!-- [et_pb_line_break_holder] --> <\/br><\/br><!-- [et_pb_line_break_holder] -->Para mim, a ida \u00e1 Pris\u00e3o foi experimentar o sentido e saborear o desejo do Papa Francisco quando, ao convocar o Jubileu da Esperan\u00e7a, decide abrir uma porta santa numa Pris\u00e3o em Roma: foi perceber como ali, onde eu at\u00e9 julgava (mal) que n\u00e3o havia esperan\u00e7a, mas s\u00f3 des\u00e2nimo e desespero, Deus semeia continuamente a Esperan\u00e7a de uma sa\u00edda, de uma nova oportunidade, da nova manh\u00e3 de P\u00e1scoa nas vidas de tantas mulheres. <!-- [et_pb_line_break_holder] -->Foi deixar-me olhar uma vez mais, atrav\u00e9s destas mulheres reclusas, pelo Senhor que molda para al\u00e9m de toda a imperfei\u00e7\u00e3o, e que n\u00e3o desiste de cada um. <!-- [et_pb_line_break_holder] -->Foi sair com uma certeza firme: Uma pris\u00e3o \u00e9 verdadeiramente uma Sementeira da Esperan\u00e7a, porque ali espera-se SEMPRE!\u201d<!-- [et_pb_line_break_holder] --> <\/br><\/br><!-- [et_pb_line_break_holder] --><\/p>\n<div class=\"direita\"><!-- [et_pb_line_break_holder] -->  <i>Margarida Cabe\u00e7a <\/i><!-- [et_pb_line_break_holder] --><\/div>\n<p><!-- [et_pb_line_break_holder] --> <\/br><\/br><!-- [et_pb_line_break_holder] -->Que o Senhor nos d\u00ea a gra\u00e7a de sermos sinal do seu amor e bondade.<!-- [et_pb_line_break_holder] --> <\/br><\/br><!-- [et_pb_line_break_holder] --><i>Ir. Bernardete, asm<\/i><!-- [et_pb_line_break_holder] -->  <!-- [et_pb_line_break_holder] --><\/div>\n<p><!-- [et_pb_line_break_holder] --><\/p08><!-- [et_pb_line_break_holder] -->  <\/br><\/br><!-- [et_pb_line_break_holder] --><\/p>\n<div class=\"colunas\"><!-- [et_pb_line_break_holder] --><img src=https:\/\/asmaria.org\/wp-content\/uploads\/2025\/10\/17agosto_prisao.jpeg><\/img><!-- [et_pb_line_break_holder] --><img src=https:\/\/asmaria.org\/wp-content\/uploads\/2025\/10\/16marco_prisao.jpeg><\/img><!-- [et_pb_line_break_holder] --><img src=https:\/\/asmaria.org\/wp-content\/uploads\/2025\/10\/16fevereiro_prisao.jpeg><\/img><!-- [et_pb_line_break_holder] --><!-- [et_pb_line_break_holder] --><\/div>\n<\/div>\n<p><!-- [et_pb_line_break_holder] --><!-- [et_pb_line_break_holder] --><!-- [et_pb_line_break_holder] --><!-- [et_pb_line_break_holder] --><!-- [et_pb_line_break_holder] --><\/p>\n<style><!-- [et_pb_line_break_holder] -->* {box-sizing: border-box}<!-- [et_pb_line_break_holder] --><!-- [et_pb_line_break_holder] -->\/* Set height of body and the document to 100% *\/<!-- [et_pb_line_break_holder] -->body, html {<!-- [et_pb_line_break_holder] -->  height: 100%;<!-- [et_pb_line_break_holder] -->  margin: 0;<!-- [et_pb_line_break_holder] -->  font-family: Arial;<!-- [et_pb_line_break_holder] -->}<!-- [et_pb_line_break_holder] --><!-- [et_pb_line_break_holder] --><!-- [et_pb_line_break_holder] -->\/* Style the tab content (and add height:100% for full page content) *\/<!-- [et_pb_line_break_holder] -->.tabcontent {<!-- [et_pb_line_break_holder] -->  color: black;<!-- [et_pb_line_break_holder] -->  display: block;<!-- [et_pb_line_break_holder] -->  padding: 100px 20px;<!-- [et_pb_line_break_holder] -->  height: 100%;<!-- [et_pb_line_break_holder] -->  font-family:Montserrat;<!-- [et_pb_line_break_holder] -->  font-size:18px;<!-- [et_pb_line_break_holder] -->  padding:5% 20%;<!-- [et_pb_line_break_holder] -->}<!-- [et_pb_line_break_holder] --><!-- [et_pb_line_break_holder] -->  p1{<!-- [et_pb_line_break_holder] -->    font-family:Montserrat;<!-- [et_pb_line_break_holder] -->    font-weight:700;<!-- [et_pb_line_break_holder] -->    font-size:15px;<!-- [et_pb_line_break_holder] -->    text-transform:uppercase;<!-- [et_pb_line_break_holder] -->  }<!-- [et_pb_line_break_holder] -->  h3{<!-- [et_pb_line_break_holder] -->    font-family:Montserrat;<!-- [et_pb_line_break_holder] -->    font-weight:700;<!-- [et_pb_line_break_holder] -->    font-size:30px;<!-- [et_pb_line_break_holder] -->    text-transform:uppercase;<!-- [et_pb_line_break_holder] -->  }<!-- [et_pb_line_break_holder] -->  p08{<!-- [et_pb_line_break_holder] -->    font-family:Montserrat;<!-- [et_pb_line_break_holder] -->    font-weight:500;<!-- [et_pb_line_break_holder] -->  }<!-- [et_pb_line_break_holder] -->  <!-- [et_pb_line_break_holder] -->  .direita{<!-- [et_pb_line_break_holder] -->    text-align:ridge;<!-- [et_pb_line_break_holder] -->    float:right;<!-- [et_pb_line_break_holder] -->  }<!-- [et_pb_line_break_holder] -->  .colunas{<!-- [et_pb_line_break_holder] -->    column-count:2<!-- [et_pb_line_break_holder] -->  }<!-- [et_pb_line_break_holder] --><\/style>\n<p><!-- [et_pb_line_break_holder] --><\/head><!-- [et_pb_line_break_holder] --><!-- [et_pb_line_break_holder] --><!-- [et_pb_line_break_holder] -->   <!-- [et_pb_line_break_holder] --><\/body><!-- [et_pb_line_break_holder] --><\/html> <!-- [et_pb_line_break_holder] -->[\/et_pb_code][\/et_pb_column][\/et_pb_row][\/et_pb_section][et_pb_section fb_built=&#8221;1&#8243; _builder_version=&#8221;4.27.2&#8243; _module_preset=&#8221;default&#8221; transform_translate_linked=&#8221;off&#8221; custom_margin=&#8221;0px|0px|0px|0px|false|false&#8221; custom_padding=&#8221;0px|0px|0px|0px|false|false&#8221; locked=&#8221;off&#8221; global_colors_info=&#8221;{}&#8221;][et_pb_row _builder_version=&#8221;4.27.2&#8243; _module_preset=&#8221;default&#8221; width=&#8221;90%&#8221; max_width=&#8221;90%&#8221; module_alignment=&#8221;center&#8221; custom_margin=&#8221;5%|0px|5%|0px|false|false&#8221; custom_padding=&#8221;0px|0px|0px|0px|false|false&#8221; global_colors_info=&#8221;{}&#8221;][et_pb_column type=&#8221;4_4&#8243; _builder_version=&#8221;4.27.2&#8243; _module_preset=&#8221;default&#8221; global_colors_info=&#8221;{}&#8221;][et_pb_blog fullwidth=&#8221;off&#8221; posts_number=&#8221;3&#8243; include_categories=&#8221;11&#8243; show_author=&#8221;off&#8221; show_date=&#8221;off&#8221; show_categories=&#8221;off&#8221; show_excerpt=&#8221;off&#8221; show_pagination=&#8221;off&#8221; use_overlay=&#8221;on&#8221; overlay_icon_color=&#8221;#ad945d&#8221; hover_overlay_color=&#8221;rgba(72,81,97,0.5)&#8221; hover_icon=&#8221;&#xf518;||fa||900&#8243; masonry_tile_background_color=&#8221;#FFFFFF&#8221; _builder_version=&#8221;4.27.4&#8243; _module_preset=&#8221;default&#8221; header_font=&#8221;Montserrat||||||||&#8221; header_text_color=&#8221;#ad945d&#8221; body_font=&#8221;Montserrat||||||||&#8221; body_text_color=&#8221;#000000&#8243; read_more_text_color=&#8221;#000000&#8243; pagination_font=&#8221;Montserrat||||||||&#8221; pagination_text_color=&#8221;#000000&#8243; background_color=&#8221;#FFFFFF&#8221; transform_translate_linked=&#8221;off&#8221; border_width_all=&#8221;0px&#8221; box_shadow_style=&#8221;preset1&#8243; box_shadow_color=&#8221;rgba(0,0,0,0.06)&#8221; global_colors_info=&#8221;{}&#8221; transform_styles__hover_enabled=&#8221;off|desktop&#8221; transform_scale__hover_enabled=&#8221;off|desktop&#8221; transform_translate__hover_enabled=&#8221;off|desktop&#8221; transform_rotate__hover_enabled=&#8221;off|desktop&#8221; transform_skew__hover_enabled=&#8221;off|desktop&#8221; transform_origin__hover_enabled=&#8221;off|desktop&#8221; transform_translate__hover=&#8221;0px|-25px&#8221;][\/et_pb_blog][\/et_pb_column][\/et_pb_row][\/et_pb_section]<\/p>\n","protected":false},"excerpt":{"rendered":"<p>Not\u00edcia vai \u00e0 pris\u00e3o com a pastoral Ignis Vai \u00e0 pris\u00e3o com a Pastoral IGNIS!Neste Ano Jubilar, somos chamados a ser sinais palp\u00e1veis de esperan\u00e7a para muitos irm\u00e3os e irm\u00e3s que vivem em condi\u00e7\u00f5es de dificuldade. Penso nos presos que, privados de liberdade, al\u00e9m da dureza da reclus\u00e3o, experimentam dia a dia o vazio afetivo, [&hellip;]<\/p>\n","protected":false},"author":1,"featured_media":5334,"comment_status":"closed","ping_status":"closed","sticky":false,"template":"elementor_header_footer","format":"standard","meta":{"_et_pb_use_builder":"on","_et_pb_old_content":"","_et_gb_content_width":"2880","inline_featured_image":false,"footnotes":""},"categories":[13],"tags":[],"class_list":["post-5328","post","type-post","status-publish","format-standard","has-post-thumbnail","hentry","category-noticias"],"_links":{"self":[{"href":"https:\/\/asmaria.org\/en\/wp-json\/wp\/v2\/posts\/5328","targetHints":{"allow":["GET"]}}],"collection":[{"href":"https:\/\/asmaria.org\/en\/wp-json\/wp\/v2\/posts"}],"about":[{"href":"https:\/\/asmaria.org\/en\/wp-json\/wp\/v2\/types\/post"}],"author":[{"embeddable":true,"href":"https:\/\/asmaria.org\/en\/wp-json\/wp\/v2\/users\/1"}],"replies":[{"embeddable":true,"href":"https:\/\/asmaria.org\/en\/wp-json\/wp\/v2\/comments?post=5328"}],"version-history":[{"count":7,"href":"https:\/\/asmaria.org\/en\/wp-json\/wp\/v2\/posts\/5328\/revisions"}],"predecessor-version":[{"id":5346,"href":"https:\/\/asmaria.org\/en\/wp-json\/wp\/v2\/posts\/5328\/revisions\/5346"}],"wp:featuredmedia":[{"embeddable":true,"href":"https:\/\/asmaria.org\/en\/wp-json\/wp\/v2\/media\/5334"}],"wp:attachment":[{"href":"https:\/\/asmaria.org\/en\/wp-json\/wp\/v2\/media?parent=5328"}],"wp:term":[{"taxonomy":"category","embeddable":true,"href":"https:\/\/asmaria.org\/en\/wp-json\/wp\/v2\/categories?post=5328"},{"taxonomy":"post_tag","embeddable":true,"href":"https:\/\/asmaria.org\/en\/wp-json\/wp\/v2\/tags?post=5328"}],"curies":[{"name":"wp","href":"https:\/\/api.w.org\/{rel}","templated":true}]}}