{"id":2278,"date":"2024-05-13T11:32:52","date_gmt":"2024-05-13T11:32:52","guid":{"rendered":"https:\/\/asmaria.org\/?p=2278"},"modified":"2025-06-04T10:54:47","modified_gmt":"2025-06-04T10:54:47","slug":"fatima-ao-detalhe-13-maio-1917","status":"publish","type":"post","link":"https:\/\/asmaria.org\/pt\/fatima-ao-detalhe-13-maio-1917\/","title":{"rendered":"F\u00e1tima ao detalhe | 13 maio 1917"},"content":{"rendered":"<p>[et_pb_section fb_built=&#8221;1&#8243; admin_label=&#8221;Section&#8221; _builder_version=&#8221;4.27.4&#8243; _module_preset=&#8221;default&#8221; custom_margin=&#8221;0px|0px|0px|0px|false|false&#8221; custom_padding=&#8221;0px|0px|0px|0px|false|false&#8221; global_colors_info=&#8221;{}&#8221;][et_pb_row _builder_version=&#8221;4.27.4&#8243; _module_preset=&#8221;default&#8221; width=&#8221;100%&#8221; max_width=&#8221;100%&#8221; module_alignment=&#8221;center&#8221; custom_margin=&#8221;0px|0px|0px|0px|false|false&#8221; custom_padding=&#8221;0px|0px|0px|0px|false|false&#8221; global_colors_info=&#8221;{}&#8221;][et_pb_column type=&#8221;4_4&#8243; _builder_version=&#8221;4.27.2&#8243; _module_preset=&#8221;default&#8221; global_colors_info=&#8221;{}&#8221;][et_pb_code raw_content_tablet=&#8221;<\/p>\n<section class=%22section-color%22><\/section>\n<style>\n.section-color {\n  background-color:rgba(172, 147, 93, 0.5);\n  height: 50vh;\n  width: 100%;\n}\n<\/style>\n<div class=%22titulo-art2%22>\n  <p04>13 DE MAIO 1917<\/p04><\/br>\n<p05>F\u00c1TIMA AO DETALHE<\/p05><\/br><\/br><br \/>\n<img src=%22https:\/\/asmaria.org\/wp-content\/uploads\/2025\/04\/FATIMA-AO-DETALHE-MAIO.jpg%22><br \/>\n<center><p3>Foto: Sophie Alves, asm<\/p3><\/center><\/p>\n<div class=%22discla%22>\n   <\/br><\/p>\n<div class=%22fotopessoa%22>\n  <img class=%22fotop%22 src=%22https:\/\/asmaria.org\/wp-content\/uploads\/2025\/04\/IR.BENEDITA-FatimaAoDetalhe.jpg%22><\/div>\n<div class=%22texto-pessoa%22>\n  <p201>Ir. Maria Benedita Costa, asm<\/p201><\/br>\n<p002>Irm\u00e3 da Alian\u00e7a de Santa Maria<\/p002><\/div>\n<\/div>\n<div class=%22contenttext2%22>\n  <\/br><\/br>\n  <p09>\n    Olhar para as Apari\u00e7\u00f5es de F\u00e1tima em 1917 de um ponto de vista hist\u00f3rico \u00e9, na verdade, um exerc\u00edcio t\u00e3o importante quanto complexo, dada a necessidade de atender n\u00e3o s\u00f3 \u00e0 abund\u00e2ncia das fontes a ser consultadas, como ao contexto espec\u00edfico vivido \u00e0 \u00e9poca das Apari\u00e7\u00f5es, tanto a n\u00edvel nacional, como mundial.<br \/>\n  <\/br><br \/>\nViviam-se tempos conturbados, a n\u00edvel pol\u00edtico, econ\u00f3mico, social e religioso. A Primeira Rep\u00fablica era ainda uma \u201cfr\u00e1gil crian\u00e7a\u201d que dava os seus primeiros passos, com a instabilidade pr\u00f3pria ao in\u00edcio de qualquer regime pol\u00edtico, tendo como uma das suas principais caracter\u00edsticas \u2013 particularmente relevante para a rela\u00e7\u00e3o que viria a ter com as Apari\u00e7\u00f5es de F\u00e1tima \u2013, a par com um forte autoritarismo, uma intensa anti religiosidade e anticlericalismo que, contrariando o sentir da maioria da popula\u00e7\u00e3o cat\u00f3lica, se refletia em diversas restri\u00e7\u00f5es na viv\u00eancia quotidiana da f\u00e9.<br \/>\n  <\/br><br \/>\nA agravar este ambiente de instabilidade nacional, vivia-se ainda um momento particularmente dram\u00e1tico no contexto da Primeira Guerra Mundial, na qual combatiam tamb\u00e9m soldados portugueses, alguns dos quais acabados de partir para a Fran\u00e7a.<br \/>\n  <\/br><br \/>\nPor esse motivo, a ora\u00e7\u00e3o \u201cpelos soldados que andam na guerra\u201d era algo n\u00e3o s\u00f3 vivido pessoalmente no seio de cada fam\u00edlia, mas tamb\u00e9m vivido e recomendado pela Igreja, tanto pelo Papa \u2013 Bento XV, apenas uma semana antes tinha pedido \u00e0s crian\u00e7as de todo o mundo que rezassem pela paz e determinado a inclus\u00e3o da invoca\u00e7\u00e3o \u201cRainha da Paz, rogai por n\u00f3s\u201d na ladainha lauretana \u2013 como pelos p\u00e1rocos nas suas igrejas paroquiais \u2013 como aconteceu com o Pe. Manuel Marques Ferreira que, na pr\u00f3pria manh\u00e3 do dia 13 de maio de 1917, na Missa dominical na qual L\u00facia, Francisco e Jacinta participaram, recomendou que \u201cse rezasse o ter\u00e7o pelos soldados\u201d<a style=%22color:#ad945d%22href=%22#rodape2%22 id=%22roda2%22>%912%93<\/a>.<br \/>\n  <\/br><br \/>\nN\u00e3o \u00e9, por isso, de estranhar que, logo no in\u00edcio do di\u00e1logo de L\u00facia com Nossa Senhora, ao saber que Ela \u201c\u00e9 do C\u00e9u\u201d, brote espontaneamente a pergunta relativamente ao fim da guerra.<br \/>\n  <\/br><br \/>\nPrescindindo da narrativa da Apari\u00e7\u00e3o e respetivo di\u00e1logo, amplamente divulgados nas <i>Mem\u00f3rias da Irm\u00e3 L\u00facia I<\/i><a style=%22color:#ad945d%22href=%22#rodape3%22 id=%22roda3%22>%913%93<\/a>, as fontes da \u00e9poca nas quais a Apari\u00e7\u00e3o de maio de 1917 ficou primeiramente registada exprimem-nos sob a forma de \u201cbrancura\u201d e de \u201cdourado\u201d <\/i><a style=%22color:#ad945d%22href=%22#rodape4%22 id=%22roda4%22>%914%93<\/a> aquilo que, mais tarde, viria a ser caracterizado pela pr\u00f3pria Ir. L\u00facia como \u201cluz\u201d, \u00abuma luz t\u00e3o intensa %91\u2026%93 que, penetrando-nos no peito e no mais \u00edntimo da alma, fazendo-nos ver a n\u00f3s mesmos em Deus, que era essa luz, mais claramente que nos vemos no melhor dos espelhos\u00bb<\/i><a style=%22color:#ad945d%22href=%22#rodape5%22 id=%22roda5%22>%915%93<\/a>.<br \/>\n  <\/br><br \/>\nAinda nas fontes da \u00e9poca encontramos o registo de um facto curioso relativo a esta Apari\u00e7\u00e3o, a \u00fanica que os videntes puderam experimentar \u201ca s\u00f3s\u201d, sem presen\u00e7a de peregrinos e\/ou curiosos, que \u201cficou na mem\u00f3ria popular\u201d<\/i><a style=%22color:#ad945d%22href=%22#rodape6%22 id=%22roda6%22>%916%93<\/a>: durante a Apari\u00e7\u00e3o, as ovelhas, privadas da vigil\u00e2ncia dos seus guardi\u00e3es, entraram para um campo de ch\u00edcharos (esp\u00e9cie de leguminosa de cultivo comum na regi\u00e3o) e, inexplicavelmente \u2013 segundo crit\u00e9rios humanos e naturais \u2013 n\u00e3o s\u00f3 n\u00e3o os comeram como n\u00e3o causaram preju\u00edzos nesse campo, sendo que, ap\u00f3s terminada a Apari\u00e7\u00e3o, se n\u00e3o fosse a pronta interven\u00e7\u00e3o dos Videntes, rapidamente o teriam dizimado.<br \/>\n<\/br>\n<\/p09>\n<hr>\n<p><\/br>\n<p09>%911%93 Por uma quest\u00e3o de acessibilidade de consulta de fontes para aqueles que desejarem aprofundar o tema, citamo-las a partir da obra de Luciano Coelho Cristino (CRISTINO, L. C., <i>As Apari\u00e7\u00f5es de F\u00e1tima: reconstitui\u00e7\u00e3o a partir dos documentos<\/i>, F\u00e1tima, Santu\u00e1rio de F\u00e1tima, 2017, 1\u00aa ed.), na qual cada Apari\u00e7\u00e3o foi tratada individualmente do ponto de vista das fontes documentais.<br \/>\n<\/br><br \/>\n<a style=%22color:#ad945d%22 href=%22#roda2%22 id=%22rodape2%22>%912%93<\/a> Cf. CRISTINO, L. C., <i>As Apari\u00e7\u00f5es\u2026<\/i>, p. 25-26.<br \/>\n<\/br><br \/>\n<a style=%22color:#ad945d%22 href=%22#roda3%22 id=%22rodape3%22>%913%93<\/a> JESUS, L\u00facia de, <i>Mem\u00f3rias da Irm\u00e3 L\u00facia I<\/i>, F\u00e1tima, Secretariado dos Pastorinhos, 2007, 13\u00aa ed.<br \/>\n<\/br><br \/>\n<a style=%22color:#ad945d%22 href=%22#roda4%22 id=%22rodape4%22>%914%93<\/a> Cf. CRISTINO, L. C., <i>As Apari\u00e7\u00f5es\u2026<\/i>, p. 28.<br \/>\n<\/br><br \/>\n<a style=%22color:#ad945d%22 href=%22#roda5%22 id=%22rodape5%22>%915%93<\/a> JESUS, L\u00facia de, <i>Mem\u00f3rias\u2026<\/i>, 174.<br \/>\n<\/br><br \/>\n<a style=%22color:#ad945d%22 href=%22#roda6%22 id=%22rodape6%22>%916%93<\/a> Cf. CRISTINO, L. C., <i>As Apari\u00e7\u00f5es\u2026<\/i>, p. 32.\n<\/p09>\n<\/div>\n<\/div>\n<\/div>\n<style>\n  .titulo-art2{\n    padding:0 20%;\n    transform:translatey(-10%);\n    color:white;\n    margin-bottom:-25%;\n  }\n  .contenttext2{\n    text-align: left;\n  text-justify: inter-word;\n  }\n  p04{\n    font-family:Montserrat;\n    font-size:30px;\n  }\n  p05{\n    font-family:Montserrat;\n    font-weight:700;\n    font-size:50px;\n    line-height:1\n  }<\/p>\n<p>  .discla{\n    display:flex;\n    justify-content: flex-start;\n    column-gap:2%;\n    align-items: center;\n    transform:translatex(-12%);\n    margin-top:5%;\n  }\n  .fotopessoa{\n    padding:0;\n    width:10%;\n  }\n  .fotop{\n    border-radius: 50%;\n    width:70%;\n  }\n  p201{\n    font-family:Montserrat;\n    font-weight:700;\n    color:black;\n    font-size:15px;\n  }\n  p002{\n    font-family:Montserrat;\n    color:black;\n    font-size:15px;\n  }\n  p09{\n    font-family:Montserrat;\n    color:black;\n    font-size:15px;\n    font-weight:500;\n  }<\/p>\n<p>  .fundo{\n    background-color:blue;\n    padding;100% 0;\n  }\n  p3{\n    font-family:Montserrat;\n    color:black;\n    font-size:12px;\n  }\n<\/style>\n<p>&#8221; raw_content_phone=&#8221;<\/p>\n<section class=%22section-color%22><\/section>\n<style>\n.section-color {\n  background-color:rgba(172, 147, 93, 0.5);\n  height: 50vh;\n  width: 100%;\n}\n<\/style>\n<div class=%22titulo-art1%22>\n  <p4>13 DE MAIO 1917<\/p4><\/br>\n<p5>F\u00c1TIMA AO DETALHE<\/p5><\/br><\/br><br \/>\n<img src=%22https:\/\/asmaria.org\/wp-content\/uploads\/2025\/04\/FATIMA-AO-DETALHE-MAIO.jpg%22><br \/>\n<center><p3>Foto: Sophie Alves, asm<\/p3><\/center><\/p>\n<div class=%22discla1%22>\n<div class=%22fotopessoa1%22>\n  <img class=%22fotop1%22 src=%22https:\/\/asmaria.org\/wp-content\/uploads\/2025\/04\/IR.BENEDITA-FatimaAoDetalhe.jpg%22><\/div>\n<div class=%22texto-pessoa%22>\n  <p201>Ir. Maria Benedita Costa, asm<\/p201><\/br>\n<p002>Irm\u00e3 da Alian\u00e7a de Santa Maria<\/p002><\/div>\n<\/div>\n<div class=%22contenttext1%22>\n  <\/br><\/br>\n  <p09>\n    Olhar para as Apari\u00e7\u00f5es de F\u00e1tima em 1917 de um ponto de vista hist\u00f3rico \u00e9, na verdade, um exerc\u00edcio t\u00e3o importante quanto complexo, dada a necessidade de atender n\u00e3o s\u00f3 \u00e0 abund\u00e2ncia das fontes a ser consultadas, como ao contexto espec\u00edfico vivido \u00e0 \u00e9poca das Apari\u00e7\u00f5es, tanto a n\u00edvel nacional, como mundial.<br \/>\n  <\/br><br \/>\nViviam-se tempos conturbados, a n\u00edvel pol\u00edtico, econ\u00f3mico, social e religioso. A Primeira Rep\u00fablica era ainda uma \u201cfr\u00e1gil crian\u00e7a\u201d que dava os seus primeiros passos, com a instabilidade pr\u00f3pria ao in\u00edcio de qualquer regime pol\u00edtico, tendo como uma das suas principais caracter\u00edsticas \u2013 particularmente relevante para a rela\u00e7\u00e3o que viria a ter com as Apari\u00e7\u00f5es de F\u00e1tima \u2013, a par com um forte autoritarismo, uma intensa anti religiosidade e anticlericalismo que, contrariando o sentir da maioria da popula\u00e7\u00e3o cat\u00f3lica, se refletia em diversas restri\u00e7\u00f5es na viv\u00eancia quotidiana da f\u00e9.<br \/>\n  <\/br><br \/>\nA agravar este ambiente de instabilidade nacional, vivia-se ainda um momento particularmente dram\u00e1tico no contexto da Primeira Guerra Mundial, na qual combatiam tamb\u00e9m soldados portugueses, alguns dos quais acabados de partir para a Fran\u00e7a.<br \/>\n  <\/br><br \/>\nPor esse motivo, a ora\u00e7\u00e3o \u201cpelos soldados que andam na guerra\u201d era algo n\u00e3o s\u00f3 vivido pessoalmente no seio de cada fam\u00edlia, mas tamb\u00e9m vivido e recomendado pela Igreja, tanto pelo Papa \u2013 Bento XV, apenas uma semana antes tinha pedido \u00e0s crian\u00e7as de todo o mundo que rezassem pela paz e determinado a inclus\u00e3o da invoca\u00e7\u00e3o \u201cRainha da Paz, rogai por n\u00f3s\u201d na ladainha lauretana \u2013 como pelos p\u00e1rocos nas suas igrejas paroquiais \u2013 como aconteceu com o Pe. Manuel Marques Ferreira que, na pr\u00f3pria manh\u00e3 do dia 13 de maio de 1917, na Missa dominical na qual L\u00facia, Francisco e Jacinta participaram, recomendou que \u201cse rezasse o ter\u00e7o pelos soldados\u201d<a style=%22color:#ad945d%22href=%22#rodape2%22 id=%22roda2%22>%912%93<\/a>.<br \/>\n  <\/br><br \/>\nN\u00e3o \u00e9, por isso, de estranhar que, logo no in\u00edcio do di\u00e1logo de L\u00facia com Nossa Senhora, ao saber que Ela \u201c\u00e9 do C\u00e9u\u201d, brote espontaneamente a pergunta relativamente ao fim da guerra.<br \/>\n  <\/br><br \/>\nPrescindindo da narrativa da Apari\u00e7\u00e3o e respetivo di\u00e1logo, amplamente divulgados nas <i>Mem\u00f3rias da Irm\u00e3 L\u00facia I<\/i><a style=%22color:#ad945d%22href=%22#rodape3%22 id=%22roda3%22>%913%93<\/a>, as fontes da \u00e9poca nas quais a Apari\u00e7\u00e3o de maio de 1917 ficou primeiramente registada exprimem-nos sob a forma de \u201cbrancura\u201d e de \u201cdourado\u201d <\/i><a style=%22color:#ad945d%22href=%22#rodape4%22 id=%22roda4%22>%914%93<\/a> aquilo que, mais tarde, viria a ser caracterizado pela pr\u00f3pria Ir. L\u00facia como \u201cluz\u201d, \u00abuma luz t\u00e3o intensa %91\u2026%93 que, penetrando-nos no peito e no mais \u00edntimo da alma, fazendo-nos ver a n\u00f3s mesmos em Deus, que era essa luz, mais claramente que nos vemos no melhor dos espelhos\u00bb<\/i><a style=%22color:#ad945d%22href=%22#rodape5%22 id=%22roda5%22>%915%93<\/a>.<br \/>\n  <\/br><br \/>\nAinda nas fontes da \u00e9poca encontramos o registo de um facto curioso relativo a esta Apari\u00e7\u00e3o, a \u00fanica que os videntes puderam experimentar \u201ca s\u00f3s\u201d, sem presen\u00e7a de peregrinos e\/ou curiosos, que \u201cficou na mem\u00f3ria popular\u201d<\/i><a style=%22color:#ad945d%22href=%22#rodape6%22 id=%22roda6%22>%916%93<\/a>: durante a Apari\u00e7\u00e3o, as ovelhas, privadas da vigil\u00e2ncia dos seus guardi\u00e3es, entraram para um campo de ch\u00edcharos (esp\u00e9cie de leguminosa de cultivo comum na regi\u00e3o) e, inexplicavelmente \u2013 segundo crit\u00e9rios humanos e naturais \u2013 n\u00e3o s\u00f3 n\u00e3o os comeram como n\u00e3o causaram preju\u00edzos nesse campo, sendo que, ap\u00f3s terminada a Apari\u00e7\u00e3o, se n\u00e3o fosse a pronta interven\u00e7\u00e3o dos Videntes, rapidamente o teriam dizimado.<br \/>\n<\/br>\n<\/p09>\n<hr>\n<p><\/br>\n<p09>%911%93 Por uma quest\u00e3o de acessibilidade de consulta de fontes para aqueles que desejarem aprofundar o tema, citamo-las a partir da obra de Luciano Coelho Cristino (CRISTINO, L. C., <i>As Apari\u00e7\u00f5es de F\u00e1tima: reconstitui\u00e7\u00e3o a partir dos documentos<\/i>, F\u00e1tima, Santu\u00e1rio de F\u00e1tima, 2017, 1\u00aa ed.), na qual cada Apari\u00e7\u00e3o foi tratada individualmente do ponto de vista das fontes documentais.<br \/>\n<\/br><br \/>\n<a style=%22color:#ad945d%22 href=%22#roda2%22 id=%22rodape2%22>%912%93<\/a> Cf. CRISTINO, L. C., <i>As Apari\u00e7\u00f5es\u2026<\/i>, p. 25-26.<br \/>\n<\/br><br \/>\n<a style=%22color:#ad945d%22 href=%22#roda3%22 id=%22rodape3%22>%913%93<\/a> JESUS, L\u00facia de, <i>Mem\u00f3rias da Irm\u00e3 L\u00facia I<\/i>, F\u00e1tima, Secretariado dos Pastorinhos, 2007, 13\u00aa ed.<br \/>\n<\/br><br \/>\n<a style=%22color:#ad945d%22 href=%22#roda4%22 id=%22rodape4%22>%914%93<\/a> Cf. CRISTINO, L. C., <i>As Apari\u00e7\u00f5es\u2026<\/i>, p. 28.<br \/>\n<\/br><br \/>\n<a style=%22color:#ad945d%22 href=%22#roda5%22 id=%22rodape5%22>%915%93<\/a> JESUS, L\u00facia de, <i>Mem\u00f3rias\u2026<\/i>, 174.<br \/>\n<\/br><br \/>\n<a style=%22color:#ad945d%22 href=%22#roda6%22 id=%22rodape6%22>%916%93<\/a> Cf. CRISTINO, L. C., <i>As Apari\u00e7\u00f5es\u2026<\/i>, p. 32.\n<\/p09>\n<\/div>\n<\/div>\n<\/div>\n<style>\n  .titulo-art1{\n    padding:0 5%;\n    transform:translatey(-7%);\n    color:white;\n    margin-bottom:-20%;\n  }\n  p4{\n    font-family:Montserrat;\n    font-size:20px;\n  }\n  p5{\n    font-family:Montserrat;\n    font-weight:700;\n    font-size:35px;\n    line-height:1\n  }\n  .contenttext1{\n    text-align: left;\n  text-justify: inter-word;\n  }\n  .discla1{\n    display:flex;\n    justify-content: flex-start;\n    column-gap:0%;\n    align-items: center;\n    transform:translatex(0%);\n      margin-top:5%;\n  }\n  .fotopessoa1{\n    padding:0;\n    width:18%;\n  }\n  .fotop1{\n    border-radius: 50%;\n    width:70%;\n  }\n  p201{\n    font-family:Montserrat;\n    font-weight:700;\n    color:black;\n    font-size:15px;\n  }\n  p002{\n    font-family:Montserrat;\n    color:black;\n    font-size:15px;\n  }\n  p09{\n    font-family:Montserrat;\n    color:black;\n    font-size:15px;\n    font-weight:500;\n  }<\/p>\n<p>  p3{\n    font-family:Montserrat;\n    color:black;\n    font-size:12px;\n  }\n<\/style>\n<p>&#8221; raw_content_last_edited=&#8221;on|phone&#8221; _builder_version=&#8221;4.27.4&#8243; _module_preset=&#8221;default&#8221; global_colors_info=&#8221;{}&#8221;]<\/p>\n<section class=\"section-color\"><\/section>\n<p><!-- [et_pb_line_break_holder] --><!-- [et_pb_line_break_holder] --><\/p>\n<style><!-- [et_pb_line_break_holder] -->.section-color {<!-- [et_pb_line_break_holder] -->  background-color:rgba(172, 147, 93, 0.5);<!-- [et_pb_line_break_holder] -->  height: 50vh;<!-- [et_pb_line_break_holder] -->  width: 100%;<!-- [et_pb_line_break_holder] -->}<!-- [et_pb_line_break_holder] --><\/style>\n<p> <!-- [et_pb_line_break_holder] --><!-- [et_pb_line_break_holder] --><\/p>\n<div class=\"titulo-art\"><!-- [et_pb_line_break_holder] -->  <p04>13 DE MAIO 1917<\/p04><\/br><!-- [et_pb_line_break_holder] --><p05>F\u00c1TIMA AO DETALHE<\/p05><\/br><\/br><!-- [et_pb_line_break_holder] --><img decoding=\"async\" src=\"https:\/\/asmaria.org\/wp-content\/uploads\/2025\/04\/FATIMA-AO-DETALHE-MAIO.jpg\"><!-- [et_pb_line_break_holder] --><center><p3>Foto: Sophie Alves, asm<\/p3><\/center><!-- [et_pb_line_break_holder] --><!\u2013- [et_pb_br_holder] -\u2013><!\u2013- [et_pb_br_holder] -\u2013><!-- [et_pb_line_break_holder] --> <\/p>\n<div class=\"discla\"><!-- [et_pb_line_break_holder] -->  <\/p>\n<div class=\"fotopessoa\"><!-- [et_pb_line_break_holder] -->  <img decoding=\"async\" class=\"fotop\" src=\"https:\/\/asmaria.org\/wp-content\/uploads\/2025\/04\/IR.BENEDITA-FatimaAoDetalhe.jpg\"><\/div>\n<p><!-- [et_pb_line_break_holder] -->  <\/p>\n<div class=\"texto-pessoa\"><!-- [et_pb_line_break_holder] -->  <p201>Ir. Maria Benedita Costa, asm<\/p201><\/br><!-- [et_pb_line_break_holder] --><p002>Irm\u00e3 da Alian\u00e7a de Santa Maria<\/p002><\/div>\n<p><!-- [et_pb_line_break_holder] --><\/div>\n<p><!-- [et_pb_line_break_holder] --><\/p>\n<div class=\"contenttext\"><!-- [et_pb_line_break_holder] -->  <\/br><\/br><!-- [et_pb_line_break_holder] -->  <p09><!-- [et_pb_line_break_holder] -->    Olhar para as Apari\u00e7\u00f5es de F\u00e1tima em 1917 de um ponto de vista hist\u00f3rico \u00e9, na verdade, um exerc\u00edcio t\u00e3o importante quanto complexo, dada a necessidade de atender n\u00e3o s\u00f3 \u00e0 abund\u00e2ncia das fontes a ser consultadas, como ao contexto espec\u00edfico vivido \u00e0 \u00e9poca das Apari\u00e7\u00f5es, tanto a n\u00edvel nacional, como mundial.<!-- [et_pb_line_break_holder] -->  <\/br><\/br><!-- [et_pb_line_break_holder] -->Viviam-se tempos conturbados, a n\u00edvel pol\u00edtico, econ\u00f3mico, social e religioso. A Primeira Rep\u00fablica era ainda uma \u201cfr\u00e1gil crian\u00e7a\u201d que dava os seus primeiros passos, com a instabilidade pr\u00f3pria ao in\u00edcio de qualquer regime pol\u00edtico, tendo como uma das suas principais caracter\u00edsticas \u2013 particularmente relevante para a rela\u00e7\u00e3o que viria a ter com as Apari\u00e7\u00f5es de F\u00e1tima \u2013, a par com um forte autoritarismo, uma intensa anti religiosidade e anticlericalismo que, contrariando o sentir da maioria da popula\u00e7\u00e3o cat\u00f3lica, se refletia em diversas restri\u00e7\u00f5es na viv\u00eancia quotidiana da f\u00e9.<!-- [et_pb_line_break_holder] -->  <\/br><\/br><!-- [et_pb_line_break_holder] -->A agravar este ambiente de instabilidade nacional, vivia-se ainda um momento particularmente dram\u00e1tico no contexto da Primeira Guerra Mundial, na qual combatiam tamb\u00e9m soldados portugueses, alguns dos quais acabados de partir para a Fran\u00e7a.<!-- [et_pb_line_break_holder] -->  <\/br><\/br><!-- [et_pb_line_break_holder] -->Por esse motivo, a ora\u00e7\u00e3o \u201cpelos soldados que andam na guerra\u201d era algo n\u00e3o s\u00f3 vivido pessoalmente no seio de cada fam\u00edlia, mas tamb\u00e9m vivido e recomendado pela Igreja, tanto pelo Papa \u2013 Bento XV, apenas uma semana antes tinha pedido \u00e0s crian\u00e7as de todo o mundo que rezassem pela paz e determinado a inclus\u00e3o da invoca\u00e7\u00e3o \u201cRainha da Paz, rogai por n\u00f3s\u201d na ladainha lauretana \u2013 como pelos p\u00e1rocos nas suas igrejas paroquiais \u2013 como aconteceu com o Pe. Manuel Marques Ferreira que, na pr\u00f3pria manh\u00e3 do dia 13 de maio de 1917, na Missa dominical na qual L\u00facia, Francisco e Jacinta participaram, recomendou que \u201cse rezasse o ter\u00e7o pelos soldados\u201d<a style=\"color:#ad945d\"href=\"#rodape2\" id=\"roda2\">[2]<\/a>.<!-- [et_pb_line_break_holder] -->  <\/br><\/br><!-- [et_pb_line_break_holder] -->N\u00e3o \u00e9, por isso, de estranhar que, logo no in\u00edcio do di\u00e1logo de L\u00facia com Nossa Senhora, ao saber que Ela \u201c\u00e9 do C\u00e9u\u201d, brote espontaneamente a pergunta relativamente ao fim da guerra.<!-- [et_pb_line_break_holder] -->  <\/br><\/br><!-- [et_pb_line_break_holder] -->Prescindindo da narrativa da Apari\u00e7\u00e3o e respetivo di\u00e1logo, amplamente divulgados nas <i>Mem\u00f3rias da Irm\u00e3 L\u00facia I<\/i><a style=\"color:#ad945d\"href=\"#rodape3\" id=\"roda3\">[3]<\/a>, as fontes da \u00e9poca nas quais a Apari\u00e7\u00e3o de maio de 1917 ficou primeiramente registada exprimem-nos sob a forma de \u201cbrancura\u201d e de \u201cdourado\u201d <\/i><a style=\"color:#ad945d\"href=\"#rodape4\" id=\"roda4\">[4]<\/a> aquilo que, mais tarde, viria a ser caracterizado pela pr\u00f3pria Ir. L\u00facia como \u201cluz\u201d, \u00abuma luz t\u00e3o intensa [\u2026] que, penetrando-nos no peito e no mais \u00edntimo da alma, fazendo-nos ver a n\u00f3s mesmos em Deus, que era essa luz, mais claramente que nos vemos no melhor dos espelhos\u00bb<\/i><a style=\"color:#ad945d\"href=\"#rodape5\" id=\"roda5\">[5]<\/a>.<!-- [et_pb_line_break_holder] -->  <\/br><\/br><!-- [et_pb_line_break_holder] -->Ainda nas fontes da \u00e9poca encontramos o registo de um facto curioso relativo a esta Apari\u00e7\u00e3o, a \u00fanica que os videntes puderam experimentar \u201ca s\u00f3s\u201d, sem presen\u00e7a de peregrinos e\/ou curiosos, que \u201cficou na mem\u00f3ria popular\u201d<\/i><a style=\"color:#ad945d\"href=\"#rodape6\" id=\"roda6\">[6]<\/a>: durante a Apari\u00e7\u00e3o, as ovelhas, privadas da vigil\u00e2ncia dos seus guardi\u00e3es, entraram para um campo de ch\u00edcharos (esp\u00e9cie de leguminosa de cultivo comum na regi\u00e3o) e, inexplicavelmente \u2013 segundo crit\u00e9rios humanos e naturais \u2013 n\u00e3o s\u00f3 n\u00e3o os comeram como n\u00e3o causaram preju\u00edzos nesse campo, sendo que, ap\u00f3s terminada a Apari\u00e7\u00e3o, se n\u00e3o fosse a pronta interven\u00e7\u00e3o dos Videntes, rapidamente o teriam dizimado.<!-- [et_pb_line_break_holder] --><\/br><\/br><!-- [et_pb_line_break_holder] --><\/p09><!-- [et_pb_line_break_holder] --><\/p>\n<hr>\n<p><\/br><\/br><!-- [et_pb_line_break_holder] --><p09>[1] Por uma quest\u00e3o de acessibilidade de consulta de fontes para aqueles que desejarem aprofundar o tema, citamo-las a partir da obra de Luciano Coelho Cristino (CRISTINO, L. C., <i>As Apari\u00e7\u00f5es de F\u00e1tima: reconstitui\u00e7\u00e3o a partir dos documentos<\/i>, F\u00e1tima, Santu\u00e1rio de F\u00e1tima, 2017, 1\u00aa ed.), na qual cada Apari\u00e7\u00e3o foi tratada individualmente do ponto de vista das fontes documentais.<!-- [et_pb_line_break_holder] --><\/br><\/br><!-- [et_pb_line_break_holder] --><a style=\"color:#ad945d\" href=\"#roda2\" id=\"rodape2\">[2]<\/a> Cf. CRISTINO, L. C., <i>As Apari\u00e7\u00f5es\u2026<\/i>, p. 25-26.<!-- [et_pb_line_break_holder] --><\/br><\/br><!-- [et_pb_line_break_holder] --><a style=\"color:#ad945d\" href=\"#roda3\" id=\"rodape3\">[3]<\/a> JESUS, L\u00facia de, <i>Mem\u00f3rias da Irm\u00e3 L\u00facia I<\/i>, F\u00e1tima, Secretariado dos Pastorinhos, 2007, 13\u00aa ed.<!-- [et_pb_line_break_holder] --><\/br><\/br><!-- [et_pb_line_break_holder] --><a style=\"color:#ad945d\" href=\"#roda4\" id=\"rodape4\">[4]<\/a> Cf. CRISTINO, L. C., <i>As Apari\u00e7\u00f5es\u2026<\/i>, p. 28.<!-- [et_pb_line_break_holder] --><\/br><\/br><!-- [et_pb_line_break_holder] --><a style=\"color:#ad945d\" href=\"#roda5\" id=\"rodape5\">[5]<\/a> JESUS, L\u00facia de, <i>Mem\u00f3rias\u2026<\/i>, 174.<!-- [et_pb_line_break_holder] --><\/br><\/br><!-- [et_pb_line_break_holder] --><a style=\"color:#ad945d\" href=\"#roda6\" id=\"rodape6\">[6]<\/a> Cf. CRISTINO, L. C., <i>As Apari\u00e7\u00f5es\u2026<\/i>, p. 32.<!-- [et_pb_line_break_holder] --><\/p09><!-- [et_pb_line_break_holder] --><\/div>\n<p><!-- [et_pb_line_break_holder] --><\/div>\n<\/div>\n<p><!-- [et_pb_line_break_holder] --><!-- [et_pb_line_break_holder] --><\/p>\n<style><!-- [et_pb_line_break_holder] -->  .titulo-art{<!-- [et_pb_line_break_holder] -->    padding:0 20%;<!-- [et_pb_line_break_holder] -->    transform:translatey(-8%);<!-- [et_pb_line_break_holder] -->    color:white;<!-- [et_pb_line_break_holder] -->    text-align: left;<!-- [et_pb_line_break_holder] -->  text-justify: inter-word;<!-- [et_pb_line_break_holder] -->    margin-bottom:-5%;<!-- [et_pb_line_break_holder] -->  }<!-- [et_pb_line_break_holder] -->  p04{<!-- [et_pb_line_break_holder] -->    font-family:Montserrat;<!-- [et_pb_line_break_holder] -->    font-size:30px;<!-- [et_pb_line_break_holder] -->  }<!-- [et_pb_line_break_holder] -->  p05{<!-- [et_pb_line_break_holder] -->    font-family:Montserrat;<!-- [et_pb_line_break_holder] -->    font-weight:700;<!-- [et_pb_line_break_holder] -->    font-size:50px;<!-- [et_pb_line_break_holder] -->    line-height:1<!-- [et_pb_line_break_holder] -->  }<!-- [et_pb_line_break_holder] --><!-- [et_pb_line_break_holder] -->  .discla{<!-- [et_pb_line_break_holder] -->    display:flex;<!-- [et_pb_line_break_holder] -->    justify-content: flex-start;<!-- [et_pb_line_break_holder] -->    column-gap:2%;<!-- [et_pb_line_break_holder] -->    align-items: center;<!-- [et_pb_line_break_holder] -->    transform:translatex(-12%)<!-- [et_pb_line_break_holder] -->  }<!-- [et_pb_line_break_holder] -->  .fotopessoa{<!-- [et_pb_line_break_holder] -->    padding:0;<!-- [et_pb_line_break_holder] -->    width:10%;<!-- [et_pb_line_break_holder] -->  }<!-- [et_pb_line_break_holder] -->  .fotop{<!-- [et_pb_line_break_holder] -->    border-radius: 50%;<!-- [et_pb_line_break_holder] -->    width:100%;<!-- [et_pb_line_break_holder] -->  }<!-- [et_pb_line_break_holder] -->  p201{<!-- [et_pb_line_break_holder] -->    font-family:Montserrat;<!-- [et_pb_line_break_holder] -->    font-weight:700;<!-- [et_pb_line_break_holder] -->    color:black;<!-- [et_pb_line_break_holder] -->    font-size:15px;<!-- [et_pb_line_break_holder] -->  }<!-- [et_pb_line_break_holder] -->  p002{<!-- [et_pb_line_break_holder] -->    font-family:Montserrat;<!-- [et_pb_line_break_holder] -->    color:black;<!-- [et_pb_line_break_holder] -->    font-size:15px;<!-- [et_pb_line_break_holder] -->  }<!-- [et_pb_line_break_holder] -->  p09{<!-- [et_pb_line_break_holder] -->    font-family:Montserrat;<!-- [et_pb_line_break_holder] -->    color:black;<!-- [et_pb_line_break_holder] -->    font-weight:500;<!-- [et_pb_line_break_holder] -->    font-size:15px;<!-- [et_pb_line_break_holder] -->  }<!-- [et_pb_line_break_holder] --> <!-- [et_pb_line_break_holder] -->  .fundo{<!-- [et_pb_line_break_holder] -->    background-color:blue;<!-- [et_pb_line_break_holder] -->    padding;100% 0;<!-- [et_pb_line_break_holder] -->  }<!-- [et_pb_line_break_holder] -->  p3{<!-- [et_pb_line_break_holder] -->    font-family:Montserrat;<!-- [et_pb_line_break_holder] -->    color:black;<!-- [et_pb_line_break_holder] -->    font-size:12px;<!-- [et_pb_line_break_holder] -->  }<!-- [et_pb_line_break_holder] --><\/style>\n<p>[\/et_pb_code][\/et_pb_column][\/et_pb_row][\/et_pb_section][et_pb_section fb_built=&#8221;1&#8243; _builder_version=&#8221;4.27.4&#8243; _module_preset=&#8221;default&#8221; transform_translate_linked=&#8221;off&#8221; z_index=&#8221;1&#8243; custom_margin=&#8221;0px|0px|0px|0px|false|false&#8221; custom_padding=&#8221;0px|0px|0px|0px|false|false&#8221; locked=&#8221;off&#8221; global_colors_info=&#8221;{}&#8221; transform_styles__hover_enabled=&#8221;off|hover&#8221; transform_scale__hover_enabled=&#8221;off|hover&#8221; transform_translate__hover_enabled=&#8221;off|hover&#8221; transform_rotate__hover_enabled=&#8221;off|hover&#8221; transform_skew__hover_enabled=&#8221;off|hover&#8221; transform_origin__hover_enabled=&#8221;off|hover&#8221; transform_translate__hover=&#8221;0px|-230px&#8221;][et_pb_row _builder_version=&#8221;4.27.4&#8243; _module_preset=&#8221;default&#8221; width=&#8221;90%&#8221; max_width=&#8221;90%&#8221; module_alignment=&#8221;center&#8221; custom_margin=&#8221;5%|0px|5%|0px|false|false&#8221; custom_padding=&#8221;0px|0px|0px|0px|false|false&#8221; global_colors_info=&#8221;{}&#8221;][et_pb_column type=&#8221;4_4&#8243; _builder_version=&#8221;4.27.4&#8243; _module_preset=&#8221;default&#8221; global_colors_info=&#8221;{}&#8221;][et_pb_blog fullwidth=&#8221;off&#8221; posts_number=&#8221;3&#8243; include_categories=&#8221;12&#8243; use_manual_excerpt=&#8221;off&#8221; show_author=&#8221;off&#8221; show_date=&#8221;off&#8221; show_categories=&#8221;off&#8221; show_pagination=&#8221;off&#8221; masonry_tile_background_color=&#8221;#FFFFFF&#8221; _builder_version=&#8221;4.27.4&#8243; _module_preset=&#8221;default&#8221; header_font=&#8221;Montserrat||||||||&#8221; header_text_color=&#8221;#ad945d&#8221; body_font=&#8221;Montserrat||||||||&#8221; body_text_color=&#8221;#000000&#8243; transform_translate_linked=&#8221;off&#8221; border_width_all=&#8221;0px&#8221; box_shadow_style=&#8221;preset1&#8243; box_shadow_color=&#8221;rgba(0,0,0,0.06)&#8221; global_colors_info=&#8221;{}&#8221; transform_styles__hover_enabled=&#8221;on|hover&#8221; transform_scale__hover_enabled=&#8221;on|desktop&#8221; transform_translate__hover_enabled=&#8221;on|hover&#8221; transform_rotate__hover_enabled=&#8221;on|desktop&#8221; transform_skew__hover_enabled=&#8221;on|desktop&#8221; transform_origin__hover_enabled=&#8221;on|desktop&#8221;][\/et_pb_blog][\/et_pb_column][\/et_pb_row][\/et_pb_section]<\/p>\n","protected":false},"excerpt":{"rendered":"<p>Consectetuer adipiscing elit, sed diam nonummy nibh euismod tincidunt ut laoreet dolore magna aliquam erat volutpat. Ut wisi enim ad minim.<\/p>\n","protected":false},"author":1,"featured_media":3647,"comment_status":"closed","ping_status":"closed","sticky":false,"template":"elementor_header_footer","format":"standard","meta":{"_et_pb_use_builder":"on","_et_pb_old_content":"","_et_gb_content_width":"2880","inline_featured_image":false,"footnotes":""},"categories":[12],"tags":[35],"class_list":["post-2278","post","type-post","status-publish","format-standard","has-post-thumbnail","hentry","category-artigos-gerais","tag-fatima-ao-detalhe"],"_links":{"self":[{"href":"https:\/\/asmaria.org\/pt\/wp-json\/wp\/v2\/posts\/2278","targetHints":{"allow":["GET"]}}],"collection":[{"href":"https:\/\/asmaria.org\/pt\/wp-json\/wp\/v2\/posts"}],"about":[{"href":"https:\/\/asmaria.org\/pt\/wp-json\/wp\/v2\/types\/post"}],"author":[{"embeddable":true,"href":"https:\/\/asmaria.org\/pt\/wp-json\/wp\/v2\/users\/1"}],"replies":[{"embeddable":true,"href":"https:\/\/asmaria.org\/pt\/wp-json\/wp\/v2\/comments?post=2278"}],"version-history":[{"count":41,"href":"https:\/\/asmaria.org\/pt\/wp-json\/wp\/v2\/posts\/2278\/revisions"}],"predecessor-version":[{"id":4749,"href":"https:\/\/asmaria.org\/pt\/wp-json\/wp\/v2\/posts\/2278\/revisions\/4749"}],"wp:featuredmedia":[{"embeddable":true,"href":"https:\/\/asmaria.org\/pt\/wp-json\/wp\/v2\/media\/3647"}],"wp:attachment":[{"href":"https:\/\/asmaria.org\/pt\/wp-json\/wp\/v2\/media?parent=2278"}],"wp:term":[{"taxonomy":"category","embeddable":true,"href":"https:\/\/asmaria.org\/pt\/wp-json\/wp\/v2\/categories?post=2278"},{"taxonomy":"post_tag","embeddable":true,"href":"https:\/\/asmaria.org\/pt\/wp-json\/wp\/v2\/tags?post=2278"}],"curies":[{"name":"wp","href":"https:\/\/api.w.org\/{rel}","templated":true}]}}