{"id":4126,"date":"2025-05-07T10:29:29","date_gmt":"2025-05-07T10:29:29","guid":{"rendered":"https:\/\/asmaria.org\/?p=4126"},"modified":"2025-06-05T09:04:43","modified_gmt":"2025-06-05T09:04:43","slug":"cronica-jubileu-i-jmas-afinal-o-que-e-o-jubileu","status":"publish","type":"post","link":"https:\/\/asmaria.org\/pt\/cronica-jubileu-i-jmas-afinal-o-que-e-o-jubileu\/","title":{"rendered":"CR\u00d3NICA JUBILEU I | Mas afinal o que \u00e9 o Jubileu?"},"content":{"rendered":"<p>[et_pb_section fb_built=&#8221;1&#8243; _builder_version=&#8221;4.27.4&#8243; _module_preset=&#8221;default&#8221; custom_margin=&#8221;0px|0px|0px|0px|false|false&#8221; custom_padding=&#8221;0px|0px|0px|0px|false|false&#8221; global_colors_info=&#8221;{}&#8221;][et_pb_row _builder_version=&#8221;4.27.4&#8243; _module_preset=&#8221;default&#8221; width=&#8221;100%&#8221; max_width=&#8221;100%&#8221; custom_margin=&#8221;0px|0px|0px|0px|false|false&#8221; custom_padding=&#8221;0px|0px|0px|0px|false|false&#8221; global_colors_info=&#8221;{}&#8221;][et_pb_column type=&#8221;4_4&#8243; _builder_version=&#8221;4.27.4&#8243; _module_preset=&#8221;default&#8221; global_colors_info=&#8221;{}&#8221;][et_pb_code raw_content_tablet=&#8221;<\/p>\n<section class=%22section-background parallax%22>\n<div class=%22rub%22>\n  <p088>NOT\u00cdCIA<\/p088><\/br><p89>CR\u00d3NICA JUBILEU<\/p89><\/div>\n<\/section>\n<style>\n .section-background {\n  background-attachment: fixed;\n  background-position: center;\n  background-size: cover;\n  height: 60vh;\n  width: 100%;\n  color: #FFFFFF;\n  display: flex;\n  justify-content: left;\n  align-items: end;\n   padding-bottom:5%;\n}\n.parallax {\n  background-image: url(%22https:\/\/asmaria.org\/wp-content\/uploads\/2025\/04\/Header_CronicaJubileu-copia-scaled.jpeg%22); \n  background-position-y:70%;\n  position: relative;\n}<\/p>\n<p>.parallax:before {\n  content: %22%22;\n  position: absolute;\n  left: 0; right: 0;\n  top: 0; bottom: 0;\n  background: rgba(173,148,93,.0);\n}\n  span39{\n    font-weight:300;\n    font-size:30px\n  }\n  p088{\n    font-family: Montserrat;\n    font-size:30px;\n  }\n  p89{\n    font-family: Montserrat;\n    font-weight:700;\n    font-size:50px;\n    line-height:1;\n  }\n  .rub{\n    padding-left:10%;\n    z-index:1;\n  }\n<\/style>\n<p>&#8221; raw_content_phone=&#8221;<\/p>\n<section class=%22section-background parallax%22>\n<div class=%22rub%22>\n  <p088>NOT\u00cdCIA<\/p088><\/br><p89>CR\u00d3NICA JUBILEU<\/p89><\/div>\n<\/section>\n<style>\n .section-background {\n  background-attachment: fixed;\n  background-position: center;\n  background-size: cover;\n  height: 60vh;\n  width: 100%;\n  color: #FFFFFF;\n  display: flex;\n  justify-content: left;\n  align-items: end;\n   padding-bottom:5%;\n}\n.parallax {\n  background-image: url(%22https:\/\/asmaria.org\/wp-content\/uploads\/2025\/04\/Header_CronicaJubileu-copia-scaled.jpeg%22); \n  background-position-y:70%;\n  position: relative;\n}<\/p>\n<p>.parallax:before {\n  content: %22%22;\n  position: absolute;\n  left: 0; right: 0;\n  top: 0; bottom: 0;\n  background: rgba(173,148,93,.0);\n}\n  span39{\n    font-weight:300;\n    font-size:30px\n  }\n  p088{\n    font-family: Montserrat;\n    font-size:20px;\n  }\n  p89{\n    font-family: Montserrat;\n    font-weight:700;\n    font-size:40px;\n    line-height:1;\n  }\n  .rub{\n    padding-left:10%;\n    z-index:1;\n  }\n<\/style>\n<p>&#8221; raw_content_last_edited=&#8221;on|phone&#8221; _builder_version=&#8221;4.27.4&#8243; _module_preset=&#8221;default&#8221; hover_enabled=&#8221;0&#8243; global_colors_info=&#8221;{}&#8221; sticky_enabled=&#8221;0&#8243;]<\/p>\n<section class=\"section-background parallax\">\n<div class=\"rub\"><!-- [et_pb_line_break_holder] -->  <p088>NOT\u00cdCIA<\/p088><\/br><p89>CR\u00d3NICA JUBILEU<\/p89><\/div>\n<p><!-- [et_pb_line_break_holder] --><\/section>\n<p><!-- [et_pb_line_break_holder] --><!-- [et_pb_line_break_holder] --><\/p>\n<style><!-- [et_pb_line_break_holder] --> .section-background {<!-- [et_pb_line_break_holder] -->  background-attachment: fixed;<!-- [et_pb_line_break_holder] -->  background-position: center;<!-- [et_pb_line_break_holder] -->  background-size: cover;<!-- [et_pb_line_break_holder] -->  height: 60vh;<!-- [et_pb_line_break_holder] -->  width: 100%;<!-- [et_pb_line_break_holder] -->  color: #FFFFFF;<!-- [et_pb_line_break_holder] -->  display: flex;<!-- [et_pb_line_break_holder] -->  justify-content: left;<!-- [et_pb_line_break_holder] -->  align-items: end;<!-- [et_pb_line_break_holder] -->   padding-bottom:5%;<!-- [et_pb_line_break_holder] -->}<!-- [et_pb_line_break_holder] -->.parallax {<!-- [et_pb_line_break_holder] -->  background-image: url(\"https:\/\/asmaria.org\/wp-content\/uploads\/2025\/04\/Header_CronicaJubileu-copia-scaled.jpeg\"); <!-- [et_pb_line_break_holder] -->  background-position-y:70%;<!-- [et_pb_line_break_holder] -->  position: relative;<!-- [et_pb_line_break_holder] -->}<!-- [et_pb_line_break_holder] --><!-- [et_pb_line_break_holder] -->.parallax:before {<!-- [et_pb_line_break_holder] -->  content: \"\";<!-- [et_pb_line_break_holder] -->  position: absolute;<!-- [et_pb_line_break_holder] -->  left: 0; right: 0;<!-- [et_pb_line_break_holder] -->  top: 0; bottom: 0;<!-- [et_pb_line_break_holder] -->  background: rgba(173,148,93,.0);<!-- [et_pb_line_break_holder] -->}<!-- [et_pb_line_break_holder] -->  span39{<!-- [et_pb_line_break_holder] -->    font-weight:300;<!-- [et_pb_line_break_holder] -->    font-size:30px<!-- [et_pb_line_break_holder] -->  }<!-- [et_pb_line_break_holder] -->  p088{<!-- [et_pb_line_break_holder] -->    font-family: Montserrat;<!-- [et_pb_line_break_holder] -->    font-size:30px;<!-- [et_pb_line_break_holder] -->  }<!-- [et_pb_line_break_holder] -->  p89{<!-- [et_pb_line_break_holder] -->    font-family: Montserrat;<!-- [et_pb_line_break_holder] -->    font-weight:700;<!-- [et_pb_line_break_holder] -->    font-size:50px;<!-- [et_pb_line_break_holder] -->    line-height:1;<!-- [et_pb_line_break_holder] -->  }<!-- [et_pb_line_break_holder] -->  .rub{<!-- [et_pb_line_break_holder] -->    padding-left:10%;<!-- [et_pb_line_break_holder] -->    z-index:1;<!-- [et_pb_line_break_holder] -->  }<!-- [et_pb_line_break_holder] --><\/style>\n<p>[\/et_pb_code][et_pb_code raw_content_tablet=&#8221;<!DOCTYPE html><br \/>\n<html><br \/>\n<head><br \/>\n<meta name=%22viewport%22 content=%22width=device-width, initial-scale=1%22><\/p>\n<p> <!--1 - I--><\/p>\n<div id=%22afinal%22 class=%22tabcontent%22>\n      <p1>Cr\u00f3nicas do Jubileu<\/p1><\/br><\/p>\n<h3>Mas afinal o que \u00e9 um Jubileu?<\/h3>\n<p><\/br><\/p>\n<div class=%22discla%22>\n<div class=%22fotopessoa%22>\n  <img class=%22fotop%22 src=%22https:\/\/asmaria.org\/wp-content\/uploads\/2025\/05\/Ir.Ana-Felicio-scaled.jpg%22><\/div>\n<div class=%22texto-pessoa%22>\n  <p201>Ir. Ana Fel\u00edcio<\/p201><\/br>\n<p002>Irm\u00e3 da Alian\u00e7a de Santa Maria<\/p002><\/div>\n<\/div>\n<p08>O Jubileu, ou Ano Santo, \u00e9 um ano especial, um tempo forte de Gra\u00e7a e Miseric\u00f3rdia, de Perd\u00e3o e Esperan\u00e7a, que se celebra, ordinariamente, a cada 25 anos (o \u00faltimo foi o grande Jubileu da Encarna\u00e7\u00e3o, no ano 2000). <\/br><br \/>\nO primeiro Jubileu da hist\u00f3ria remonta ao ano 1300, com o Papa Bonif\u00e1cio VIII, que procurou aceder ao pedido das multid\u00f5es que acorriam \u00e0 Pra\u00e7a de S\u00e3o Pedro, de um perd\u00e3o total dos pecados, pelo medo da imin\u00eancia do fim do mundo, na passagem de s\u00e9culo. Este %22perd\u00e3o total%22 \u00e9 a chamada %22indulg\u00eancia plen\u00e1ria%22 que ainda hoje caracteriza o Jubileu e que se pode definir como a plenitude da miseric\u00f3rdia de Deus, que \u00e9 dada ao homem para libert\u00e1-lo de todas as consequ\u00eancias do pecado e permitir-lhe viver uma vida nova, purificada e reconciliada com Deus e com os outros.\n<\/p08>\n  <\/br><\/br><\/p>\n<div class=%22gallery-2-container%22>\n<div class=%22galley-2-item%22>\n    <img src=%22https:\/\/asmaria.org\/wp-content\/uploads\/2025\/04\/04.1-scaled.jpg%22><\/img>\n  <\/div>\n<div class=%22galley-2-item%22>\n    <img src=%22https:\/\/asmaria.org\/wp-content\/uploads\/2025\/04\/04.2-scaled.jpg%22><\/img>\n  <\/div>\n<\/div>\n<\/div>\n<style>\n* {box-sizing: border-box}<\/p>\n<p>\/* Set height of body and the document to 100% *\/\nbody, html {\n  height: 100%;\n  margin: 0;\n  font-family: Arial;\n}<\/p>\n<p>\/* Style the tab content (and add height:100% for full page content) *\/\n.tabcontent {\n  color: black;\n  display: block;\n  height: 100%;\n  font-family:Montserrat;\n  font-size:18px;\n  padding:0% 20% 5%;\n}<\/p>\n<p>  .tabcontent:active{\n    font-family:Montserrat;\n    font-weight:700;\n  }\n  p1{\n    font-family:Montserrat;\n    font-weight:700;\n    font-size:15px;\n    text-transform:uppercase;\n  }\n  h3{\n    font-family:Montserrat;\n    font-weight:700;\n    font-size:30px;\n    text-transform:uppercase;\n  }\n  p08{\n    font-family:Montserrat;\n    font-weight:500;\n  }\n  span1{\n    font-style:italic;\n  }\n  #link{\n    color:#ad945d;\n  }\n  hr{\n    border:1px solid #ad945d;\n    margin-right:75%;\n  }\n.gallery-2-container{\n    display:grid;\n    grid-template-columns:49% 49%;\n  gap:2%;\n  align-items: center;}<\/p>\n<p>  .flex{\n    display:flex;\n    flex-wrap: wrap;\n  }\n  .discla{\n    display:flex;\n    justify-content: flex-start;\n    column-gap:2%;\n    align-items: center;\n    padding:0% 0% 5%;\n    transform:translatex(-12%)\n  }\n  .fotopessoa{\n    padding:0;\n    width:10%;\n  }\n  .fotop{\n    border-radius: 50%;\n    width:100%;\n  }\n  p201{\n    font-family:Montserrat;\n    font-weight:700;\n    color:black;\n    font-size:15px;\n  }\n  p002{\n    font-family:Montserrat;\n    color:black;\n    font-size:15px;\n  }\n<\/style>\n<p><\/head><br \/>\n<\/body><br \/>\n<\/html><br \/>\n&#8221; raw_content_phone=&#8221;<html><head><meta name=%22viewport%22 content=%22width=device-width, initial-scale=1%22><\/p>\n<p> <!--1 - I--><\/p>\n<div id=%22afinal%22 class=%22tabcontent%22>\n      <p1>Cr\u00f3nicas do Jubileu<\/p1><\/br><\/p>\n<h3>Mas afinal o que \u00e9 um Jubileu?<\/h3>\n<p><\/br><\/p>\n<div class=%22discla%22>\n<div class=%22fotopessoa%22>\n  <img class=%22fotop%22 src=%22https:\/\/asmaria.org\/wp-content\/uploads\/2025\/05\/Ir.Ana-Felicio-scaled.jpg%22><\/div>\n<div class=%22texto-pessoa%22>\n  <p201>Ir. Ana Fel\u00edcio<\/p201><\/br>\n<p002>Irm\u00e3 da Alian\u00e7a de Santa Maria<\/p002><\/div>\n<\/div>\n<p08>O Jubileu, ou Ano Santo, \u00e9 um ano especial, um tempo forte de Gra\u00e7a e Miseric\u00f3rdia, de Perd\u00e3o e Esperan\u00e7a, que se celebra, ordinariamente, a cada 25 anos (o \u00faltimo foi o grande Jubileu da Encarna\u00e7\u00e3o, no ano 2000). <\/br><\/br><br \/>\nO primeiro Jubileu da hist\u00f3ria remonta ao ano 1300, com o Papa Bonif\u00e1cio VIII, que procurou aceder ao pedido das multid\u00f5es que acorriam \u00e0 Pra\u00e7a de S\u00e3o Pedro, de um perd\u00e3o total dos pecados, pelo medo da imin\u00eancia do fim do mundo, na passagem de s\u00e9culo. Este %22perd\u00e3o total%22 \u00e9 a chamada %22indulg\u00eancia plen\u00e1ria%22 que ainda hoje caracteriza o Jubileu e que se pode definir como a plenitude da miseric\u00f3rdia de Deus, que \u00e9 dada ao homem para libert\u00e1-lo de todas as consequ\u00eancias do pecado e permitir-lhe viver uma vida nova, purificada e reconciliada com Deus e com os outros.\n<\/p08>\n  <\/br><\/br><\/p>\n<div class=%22gallery-2-container%22>\n<div class=%22galley-2-item%22>\n    <img src=%22https:\/\/asmaria.org\/wp-content\/uploads\/2025\/04\/04.1-scaled.jpg%22><\/img>\n  <\/div>\n<div class=%22galley-2-item%22>\n    <img src=%22https:\/\/asmaria.org\/wp-content\/uploads\/2025\/04\/04.2-scaled.jpg%22><\/img>\n  <\/div>\n<\/div>\n<\/div>\n<style>\n* {box-sizing: border-box}<\/p>\n<p>\/* Set height of body and the document to 100% *\/\nbody, html {\n  height: 100%;\n  margin: 0;\n  font-family: Arial;\n}<\/p>\n<p>\/* Style the tab content (and add height:100% for full page content) *\/\n.tabcontent {\n  color: black;\n  display: block;\n  height: 100%;\n  font-family:Montserrat;\n  font-size:15px;\n  padding:0% 5% 5%;\n}<\/p>\n<p>  .tabcontent:active{\n    font-family:Montserrat;\n    font-weight:700;\n  }\n  p1{\n    font-family:Montserrat;\n    font-weight:700;\n    font-size:15px;\n    text-transform:uppercase;\n  }\n  h3{\n    font-family:Montserrat;\n    font-weight:700;\n    font-size:20px;\n    text-transform:uppercase;\n  }\n  p08{\n    font-family:Montserrat;\n    font-weight:500;\n  }\n  span1{\n    font-style:italic;\n  }\n  #link{\n    color:#ad945d;\n  }\n  hr{\n    border:1px solid #ad945d;\n    margin-right:75%;\n  }\n.gallery-2-container{\n    display:grid;\n    grid-template-columns:100%;\n  gap:2%;\n  align-items: center;}<\/p>\n<p>  .flex{\n    display:flex;\n    flex-wrap: wrap;\n  }\n  .discla{\n    display:flex;\n    justify-content: flex-start;\n    column-gap:2%;\n    align-items: center;\n    padding:0% 0% 5%;\n  }\n  .fotopessoa{\n    padding:0;\n    width:25%;\n  }\n  .fotop{\n    border-radius: 50%;\n    width:100%;\n  }\n  p201{\n    font-family:Montserrat;\n    font-weight:700;\n    color:black;\n    font-size:15px;\n  }\n  p002{\n    font-family:Montserrat;\n    color:black;\n    font-size:15px;\n  }\n<\/style>\n<p><\/head><br \/>\n<\/body><br \/>\n<\/html><br \/>\n&#8221; raw_content_last_edited=&#8221;on|phone&#8221; _builder_version=&#8221;4.27.4&#8243; _module_preset=&#8221;default&#8221; global_colors_info=&#8221;{}&#8221;]<!DOCTYPE html><!-- [et_pb_line_break_holder] --><html><!-- [et_pb_line_break_holder] --><head><!-- [et_pb_line_break_holder] --><meta name=\"viewport\" content=\"width=device-width, initial-scale=1\"><!-- [et_pb_line_break_holder] -->    <!-- [et_pb_line_break_holder] --> <!--1 - I--><!-- [et_pb_line_break_holder] --><\/p>\n<div id=\"afinal\" class=\"tabcontent\"><!-- [et_pb_line_break_holder] -->      <p1>Cr\u00f3nicas do Jubileu<\/p1><\/br><!-- [et_pb_line_break_holder] -->  <\/p>\n<h3>Mas afinal o que \u00e9 um Jubileu?<\/h3>\n<p><\/br><\/br><!-- [et_pb_line_break_holder] --> <\/p>\n<div class=\"discla\"><!-- [et_pb_line_break_holder] -->  <\/p>\n<div class=\"fotopessoa\"><!-- [et_pb_line_break_holder] -->  <img decoding=\"async\" class=\"fotop\" src=\"https:\/\/asmaria.org\/wp-content\/uploads\/2025\/05\/Ir.Ana-Felicio-scaled.jpg\"><\/div>\n<p><!-- [et_pb_line_break_holder] -->  <\/p>\n<div class=\"texto-pessoa\"><!-- [et_pb_line_break_holder] -->  <p201>Ir. Ana Fel\u00edcio<\/p201><\/br><!-- [et_pb_line_break_holder] --><p002>Irm\u00e3 da Alian\u00e7a de Santa Maria<\/p002><\/div>\n<p><!-- [et_pb_line_break_holder] --><\/div>\n<p><!-- [et_pb_line_break_holder] --><p08>O Jubileu, ou Ano Santo, \u00e9 um ano especial, um tempo forte de Gra\u00e7a e Miseric\u00f3rdia, de Perd\u00e3o e Esperan\u00e7a, que se celebra, ordinariamente, a cada 25 anos (o \u00faltimo foi o grande Jubileu da Encarna\u00e7\u00e3o, no ano 2000). <\/br><\/br><!-- [et_pb_line_break_holder] -->O primeiro Jubileu da hist\u00f3ria remonta ao ano 1300, com o Papa Bonif\u00e1cio VIII, que procurou aceder ao pedido das multid\u00f5es que acorriam \u00e0 Pra\u00e7a de S\u00e3o Pedro, de um perd\u00e3o total dos pecados, pelo medo da imin\u00eancia do fim do mundo, na passagem de s\u00e9culo. Este &#8220;perd\u00e3o total&#8221; \u00e9 a chamada &#8220;indulg\u00eancia plen\u00e1ria&#8221; que ainda hoje caracteriza o Jubileu e que se pode definir como a plenitude da miseric\u00f3rdia de Deus, que \u00e9 dada ao homem para libert\u00e1-lo de todas as consequ\u00eancias do pecado e permitir-lhe viver uma vida nova, purificada e reconciliada com Deus e com os outros.<!-- [et_pb_line_break_holder] --><\/p08><!-- [et_pb_line_break_holder] -->  <\/br><\/br><!-- [et_pb_line_break_holder] --><\/p>\n<div class=\"gallery-2-container\"><!-- [et_pb_line_break_holder] -->  <\/p>\n<div class=\"galley-2-item\"><!-- [et_pb_line_break_holder] -->    <img decoding=\"async\" src=\"https:\/\/asmaria.org\/wp-content\/uploads\/2025\/04\/04.1-scaled.jpg\"><\/img><!-- [et_pb_line_break_holder] -->  <\/div>\n<p><!-- [et_pb_line_break_holder] --><!-- [et_pb_line_break_holder] -->  <\/p>\n<div class=\"galley-2-item\"><!-- [et_pb_line_break_holder] -->    <img decoding=\"async\" src=\"https:\/\/asmaria.org\/wp-content\/uploads\/2025\/04\/04.2-scaled.jpg\"><\/img> <!-- [et_pb_line_break_holder] -->  <\/div>\n<p><!-- [et_pb_line_break_holder] --><\/div>\n<\/div>\n<p><!-- [et_pb_line_break_holder] --><!-- [et_pb_line_break_holder] --><!-- [et_pb_line_break_holder] --><\/p>\n<style><!-- [et_pb_line_break_holder] -->* {box-sizing: border-box}<!-- [et_pb_line_break_holder] --><!-- [et_pb_line_break_holder] -->\/* Set height of body and the document to 100% *\/<!-- [et_pb_line_break_holder] -->body, html {<!-- [et_pb_line_break_holder] -->  height: 100%;<!-- [et_pb_line_break_holder] -->  margin: 0;<!-- [et_pb_line_break_holder] -->  font-family: Arial;<!-- [et_pb_line_break_holder] -->}<!-- [et_pb_line_break_holder] --><!-- [et_pb_line_break_holder] --><!-- [et_pb_line_break_holder] --><!-- [et_pb_line_break_holder] -->\/* Style the tab content (and add height:100% for full page content) *\/<!-- [et_pb_line_break_holder] -->.tabcontent {<!-- [et_pb_line_break_holder] -->  color: black;<!-- [et_pb_line_break_holder] -->  display: block;<!-- [et_pb_line_break_holder] -->  height: 100%;<!-- [et_pb_line_break_holder] -->  font-family:Montserrat;<!-- [et_pb_line_break_holder] -->  font-size:18px;<!-- [et_pb_line_break_holder] -->  padding:0% 20% 5%;<!-- [et_pb_line_break_holder] -->}<!-- [et_pb_line_break_holder] --><!-- [et_pb_line_break_holder] -->  .tabcontent:active{<!-- [et_pb_line_break_holder] -->    font-family:Montserrat;<!-- [et_pb_line_break_holder] -->    font-weight:700;<!-- [et_pb_line_break_holder] -->  }<!-- [et_pb_line_break_holder] -->  p1{<!-- [et_pb_line_break_holder] -->    font-family:Montserrat;<!-- [et_pb_line_break_holder] -->    font-weight:700;<!-- [et_pb_line_break_holder] -->    font-size:15px;<!-- [et_pb_line_break_holder] -->    text-transform:uppercase;<!-- [et_pb_line_break_holder] -->  }<!-- [et_pb_line_break_holder] -->  h3{<!-- [et_pb_line_break_holder] -->    font-family:Montserrat;<!-- [et_pb_line_break_holder] -->    font-weight:700;<!-- [et_pb_line_break_holder] -->    font-size:30px;<!-- [et_pb_line_break_holder] -->    text-transform:uppercase;<!-- [et_pb_line_break_holder] -->  }<!-- [et_pb_line_break_holder] -->  p08{<!-- [et_pb_line_break_holder] -->    font-family:Montserrat;<!-- [et_pb_line_break_holder] -->    font-weight:500;<!-- [et_pb_line_break_holder] -->  }<!-- [et_pb_line_break_holder] -->  span1{<!-- [et_pb_line_break_holder] -->    font-style:italic;<!-- [et_pb_line_break_holder] -->  }<!-- [et_pb_line_break_holder] -->  #link{<!-- [et_pb_line_break_holder] -->    color:#ad945d;<!-- [et_pb_line_break_holder] -->  }<!-- [et_pb_line_break_holder] -->  hr{<!-- [et_pb_line_break_holder] -->    border:1px solid #ad945d;<!-- [et_pb_line_break_holder] -->    margin-right:75%;<!-- [et_pb_line_break_holder] -->  }<!-- [et_pb_line_break_holder] -->.gallery-2-container{<!-- [et_pb_line_break_holder] -->    display:grid;<!-- [et_pb_line_break_holder] -->    grid-template-columns:49% 49%;<!-- [et_pb_line_break_holder] -->  gap:2%;<!-- [et_pb_line_break_holder] -->  align-items: center;}<!-- [et_pb_line_break_holder] --> <!-- [et_pb_line_break_holder] --> <!-- [et_pb_line_break_holder] -->  .flex{<!-- [et_pb_line_break_holder] -->    display:flex;<!-- [et_pb_line_break_holder] -->    flex-wrap: wrap;<!-- [et_pb_line_break_holder] -->  }<!-- [et_pb_line_break_holder] -->    .discla{<!-- [et_pb_line_break_holder] -->    display:flex;<!-- [et_pb_line_break_holder] -->    justify-content: flex-start;<!-- [et_pb_line_break_holder] -->    column-gap:2%;<!-- [et_pb_line_break_holder] -->    align-items: center;<!-- [et_pb_line_break_holder] -->    padding:0% 0% 5%;<!-- [et_pb_line_break_holder] -->    transform:translatex(-12%)<!-- [et_pb_line_break_holder] -->  }<!-- [et_pb_line_break_holder] -->  .fotopessoa{<!-- [et_pb_line_break_holder] -->    padding:0;<!-- [et_pb_line_break_holder] -->    width:10%;<!-- [et_pb_line_break_holder] -->  }<!-- [et_pb_line_break_holder] -->  .fotop{<!-- [et_pb_line_break_holder] -->    border-radius: 50%;<!-- [et_pb_line_break_holder] -->    width:100%;<!-- [et_pb_line_break_holder] -->  }<!-- [et_pb_line_break_holder] -->  p201{<!-- [et_pb_line_break_holder] -->    font-family:Montserrat;<!-- [et_pb_line_break_holder] -->    font-weight:700;<!-- [et_pb_line_break_holder] -->    color:black;<!-- [et_pb_line_break_holder] -->    font-size:15px;<!-- [et_pb_line_break_holder] -->  }<!-- [et_pb_line_break_holder] -->  p002{<!-- [et_pb_line_break_holder] -->    font-family:Montserrat;<!-- [et_pb_line_break_holder] -->    color:black;<!-- [et_pb_line_break_holder] -->    font-size:15px;<!-- [et_pb_line_break_holder] -->  }<!-- [et_pb_line_break_holder] --><!-- [et_pb_line_break_holder] --><\/style>\n<p><!-- [et_pb_line_break_holder] --><\/head>   <!-- [et_pb_line_break_holder] --><\/body><!-- [et_pb_line_break_holder] --><\/html> <!-- [et_pb_line_break_holder] -->[\/et_pb_code][\/et_pb_column][\/et_pb_row][\/et_pb_section][et_pb_section fb_built=&#8221;1&#8243; _builder_version=&#8221;4.27.2&#8243; _module_preset=&#8221;default&#8221; transform_translate_linked=&#8221;off&#8221; custom_margin=&#8221;0px|0px|0px|0px|false|false&#8221; custom_padding=&#8221;0px|0px|0px|0px|false|false&#8221; locked=&#8221;off&#8221; global_colors_info=&#8221;{}&#8221;][et_pb_row _builder_version=&#8221;4.27.2&#8243; _module_preset=&#8221;default&#8221; width=&#8221;90%&#8221; max_width=&#8221;90%&#8221; module_alignment=&#8221;center&#8221; custom_margin=&#8221;5%|0px|5%|0px|false|false&#8221; custom_padding=&#8221;0px|0px|0px|0px|false|false&#8221; global_colors_info=&#8221;{}&#8221;][et_pb_column type=&#8221;4_4&#8243; _builder_version=&#8221;4.27.2&#8243; _module_preset=&#8221;default&#8221; global_colors_info=&#8221;{}&#8221;][et_pb_blog fullwidth=&#8221;off&#8221; posts_number=&#8221;3&#8243; include_categories=&#8221;13&#8243; show_author=&#8221;off&#8221; show_date=&#8221;off&#8221; show_categories=&#8221;off&#8221; show_excerpt=&#8221;off&#8221; show_pagination=&#8221;off&#8221; use_overlay=&#8221;on&#8221; overlay_icon_color=&#8221;#ad945d&#8221; hover_overlay_color=&#8221;rgba(72,81,97,0.5)&#8221; hover_icon=&#8221;&#xf518;||fa||900&#8243; masonry_tile_background_color=&#8221;#FFFFFF&#8221; _builder_version=&#8221;4.27.4&#8243; _module_preset=&#8221;default&#8221; header_font=&#8221;Montserrat||||||||&#8221; header_text_color=&#8221;#ad945d&#8221; body_font=&#8221;Montserrat||||||||&#8221; body_text_color=&#8221;#000000&#8243; read_more_text_color=&#8221;#000000&#8243; pagination_font=&#8221;Montserrat||||||||&#8221; pagination_text_color=&#8221;#000000&#8243; background_color=&#8221;#FFFFFF&#8221; transform_translate_linked=&#8221;off&#8221; border_width_all=&#8221;0px&#8221; box_shadow_style=&#8221;preset1&#8243; box_shadow_color=&#8221;rgba(0,0,0,0.06)&#8221; global_colors_info=&#8221;{}&#8221; transform_styles__hover_enabled=&#8221;off|desktop&#8221; transform_scale__hover_enabled=&#8221;off|desktop&#8221; transform_translate__hover_enabled=&#8221;off|desktop&#8221; transform_rotate__hover_enabled=&#8221;off|desktop&#8221; transform_skew__hover_enabled=&#8221;off|desktop&#8221; transform_origin__hover_enabled=&#8221;off|desktop&#8221; transform_translate__hover=&#8221;0px|-25px&#8221;][\/et_pb_blog][\/et_pb_column][\/et_pb_row][\/et_pb_section]<\/p>\n","protected":false},"excerpt":{"rendered":"","protected":false},"author":1,"featured_media":3328,"comment_status":"closed","ping_status":"closed","sticky":false,"template":"elementor_header_footer","format":"standard","meta":{"_et_pb_use_builder":"on","_et_pb_old_content":"","_et_gb_content_width":"1080","inline_featured_image":false,"footnotes":""},"categories":[13],"tags":[33],"class_list":["post-4126","post","type-post","status-publish","format-standard","has-post-thumbnail","hentry","category-noticias","tag-cronica-jubileu"],"_links":{"self":[{"href":"https:\/\/asmaria.org\/pt\/wp-json\/wp\/v2\/posts\/4126","targetHints":{"allow":["GET"]}}],"collection":[{"href":"https:\/\/asmaria.org\/pt\/wp-json\/wp\/v2\/posts"}],"about":[{"href":"https:\/\/asmaria.org\/pt\/wp-json\/wp\/v2\/types\/post"}],"author":[{"embeddable":true,"href":"https:\/\/asmaria.org\/pt\/wp-json\/wp\/v2\/users\/1"}],"replies":[{"embeddable":true,"href":"https:\/\/asmaria.org\/pt\/wp-json\/wp\/v2\/comments?post=4126"}],"version-history":[{"count":17,"href":"https:\/\/asmaria.org\/pt\/wp-json\/wp\/v2\/posts\/4126\/revisions"}],"predecessor-version":[{"id":4820,"href":"https:\/\/asmaria.org\/pt\/wp-json\/wp\/v2\/posts\/4126\/revisions\/4820"}],"wp:featuredmedia":[{"embeddable":true,"href":"https:\/\/asmaria.org\/pt\/wp-json\/wp\/v2\/media\/3328"}],"wp:attachment":[{"href":"https:\/\/asmaria.org\/pt\/wp-json\/wp\/v2\/media?parent=4126"}],"wp:term":[{"taxonomy":"category","embeddable":true,"href":"https:\/\/asmaria.org\/pt\/wp-json\/wp\/v2\/categories?post=4126"},{"taxonomy":"post_tag","embeddable":true,"href":"https:\/\/asmaria.org\/pt\/wp-json\/wp\/v2\/tags?post=4126"}],"curies":[{"name":"wp","href":"https:\/\/api.w.org\/{rel}","templated":true}]}}